{"id":79112,"date":"2019-01-01T12:22:46","date_gmt":"2019-01-01T15:22:46","guid":{"rendered":"http:\/\/www.caririemacao.com\/1\/?p=79112"},"modified":"2019-01-01T12:22:46","modified_gmt":"2019-01-01T15:22:46","slug":"jovem-morre-apos-colidir-moto-com-animal-no-cariri","status":"publish","type":"post","link":"https:\/\/www.caririemacao.com\/1\/2019\/01\/01\/jovem-morre-apos-colidir-moto-com-animal-no-cariri\/","title":{"rendered":"Jovem morre ap\u00f3s colidir moto com animal no Cariri"},"content":{"rendered":"<p>Um jovem identificado por Vinicius, faleceu nesta ter\u00e7a-feira (1), na PB-196, na sa\u00edda de Cabaceiras para S\u00e3o Domingos do Cariri, ao bater em um cavalo.Vin\u00edcius foi socorrido pelo Servi\u00e7o de Atendimento M\u00f3vel de Urg\u00eancia (SAMU), para o hospital de Boqueir\u00e3o, mas n\u00e3o resistiu aos ferimentos.<\/p>\n<p>De acordo com relatos de populares, Vin\u00edcius vinha da cidade de S\u00e3o Domingos do Cariri e era morador do S\u00edtio Alto Fechado, zona rural de Cabaceiras.<\/p>\n","protected":false},"excerpt":{"rendered":"<p>Um jovem identificado por Vinicius, faleceu nesta ter\u00e7a-feira (1), na PB-196, na sa\u00edda de Cabaceiras para S\u00e3o Domingos do Cariri, ao bater em um cavalo.Vin\u00edcius&hellip; <\/p>\n","protected":false},"author":1,"featured_media":18430,"comment_status":"closed","ping_status":"closed","sticky":false,"template":"","format":"standard","meta":{"sfsi_plus_gutenberg_text_before_share":"","sfsi_plus_gutenberg_show_text_before_share":"","sfsi_plus_gutenberg_icon_type":"","sfsi_plus_gutenberg_icon_alignemt":"","sfsi_plus_gutenburg_max_per_row":"","footnotes":""},"categories":[50,12],"tags":[],"class_list":["post-79112","post","type-post","status-publish","format-standard","has-post-thumbnail","hentry","category-destaque","category-policia"],"_links":{"self":[{"href":"https:\/\/www.caririemacao.com\/1\/wp-json\/wp\/v2\/posts\/79112","targetHints":{"allow":["GET"]}}],"collection":[{"href":"https:\/\/www.caririemacao.com\/1\/wp-json\/wp\/v2\/posts"}],"about":[{"href":"https:\/\/www.caririemacao.com\/1\/wp-json\/wp\/v2\/types\/post"}],"author":[{"embeddable":true,"href":"https:\/\/www.caririemacao.com\/1\/wp-json\/wp\/v2\/users\/1"}],"replies":[{"embeddable":true,"href":"https:\/\/www.caririemacao.com\/1\/wp-json\/wp\/v2\/comments?post=79112"}],"version-history":[{"count":1,"href":"https:\/\/www.caririemacao.com\/1\/wp-json\/wp\/v2\/posts\/79112\/revisions"}],"predecessor-version":[{"id":79113,"href":"https:\/\/www.caririemacao.com\/1\/wp-json\/wp\/v2\/posts\/79112\/revisions\/79113"}],"wp:featuredmedia":[{"embeddable":true,"href":"https:\/\/www.caririemacao.com\/1\/wp-json\/wp\/v2\/media\/18430"}],"wp:attachment":[{"href":"https:\/\/www.caririemacao.com\/1\/wp-json\/wp\/v2\/media?parent=79112"}],"wp:term":[{"taxonomy":"category","embeddable":true,"href":"https:\/\/www.caririemacao.com\/1\/wp-json\/wp\/v2\/categories?post=79112"},{"taxonomy":"post_tag","embeddable":true,"href":"https:\/\/www.caririemacao.com\/1\/wp-json\/wp\/v2\/tags?post=79112"}],"curies":[{"name":"wp","href":"https:\/\/api.w.org\/{rel}","templated":true}]}}