{"id":79238,"date":"2019-01-02T18:14:44","date_gmt":"2019-01-02T21:14:44","guid":{"rendered":"http:\/\/www.caririemacao.com\/1\/?p=79238"},"modified":"2019-01-02T18:14:44","modified_gmt":"2019-01-02T21:14:44","slug":"secretaria-de-desenvolvimento-social-de-monteiro-abre-inscricoes-para-scfv","status":"publish","type":"post","link":"https:\/\/www.caririemacao.com\/1\/2019\/01\/02\/secretaria-de-desenvolvimento-social-de-monteiro-abre-inscricoes-para-scfv\/","title":{"rendered":"Secretaria de Desenvolvimento Social de Monteiro abre inscri\u00e7\u00f5es para SCFV"},"content":{"rendered":"<p>&nbsp;<\/p>\n<p>&nbsp;<\/p>\n<p>Iniciando os trabalhos do ano de 2019 a Secretaria de Desenvolvimento Social do Munic\u00edpio de Monteiro informa que ser\u00e3o abertas as inscri\u00e7\u00f5es para o Servi\u00e7o de Conviv\u00eancia e Fortalecimento de V\u00ednculos.<\/p>\n<p>As vagas, que estar\u00e3o dispon\u00edveis a partir da pr\u00f3xima segunda-feira dia 07, s\u00e3o destinadas \u00e0s crian\u00e7as com idade a partir de 06 anos aos 17anos e para os idosos com idade a partir 60 anos.<\/p>\n<p>Para a realiza\u00e7\u00e3o da matr\u00edcula \u00e9 necess\u00e1rio comparecer a Secretaria de Desenvolvimento Social, nos hor\u00e1rios 08h \u00e0s 11 horas no per\u00edodo da manh\u00e3 e \u00e0 tarde das 14 \u00e0s 17 horas, portando os seguintes documentos: Registro de Nascimento e n\u00famero NIS da crian\u00e7a e RG e CPF dos pais, assim como o n\u00famero do NIS.<\/p>\n<p>O SCFV \u00e9 um servi\u00e7o da Prote\u00e7\u00e3o Social B\u00e1sica do SUAS que \u00e9 ofertado de forma complementar ao trabalho social com fam\u00edlias. Na cidade de Monteiro o trabalho \u00e9 realizado atrav\u00e9s da Secretaria de Desenvolvimento Social.<\/p>\n<p>O Servi\u00e7o de Conviv\u00eancia e Fortalecimento de V\u00ednculos (SCFV) realiza atendimentos em grupo. S\u00e3o atividades art\u00edsticas, culturais, de lazer e esportivas, dentre outras, de acordo com a idade dos usu\u00e1rios. \u00c9 uma forma de interven\u00e7\u00e3o social planejada que cria situa\u00e7\u00f5es desafiadoras, estimula e orienta os usu\u00e1rios na constru\u00e7\u00e3o e reconstru\u00e7\u00e3o de suas hist\u00f3rias e viv\u00eancias individuais, coletivas e familiares.<\/p>\n","protected":false},"excerpt":{"rendered":"<p>&nbsp; &nbsp; Iniciando os trabalhos do ano de 2019 a Secretaria de Desenvolvimento Social do Munic\u00edpio de Monteiro informa que ser\u00e3o abertas as inscri\u00e7\u00f5es para&hellip; <\/p>\n","protected":false},"author":1,"featured_media":67521,"comment_status":"closed","ping_status":"closed","sticky":false,"template":"","format":"standard","meta":{"sfsi_plus_gutenberg_text_before_share":"","sfsi_plus_gutenberg_show_text_before_share":"","sfsi_plus_gutenberg_icon_type":"","sfsi_plus_gutenberg_icon_alignemt":"","sfsi_plus_gutenburg_max_per_row":"","footnotes":""},"categories":[14],"tags":[],"class_list":["post-79238","post","type-post","status-publish","format-standard","has-post-thumbnail","hentry","category-educacao"],"_links":{"self":[{"href":"https:\/\/www.caririemacao.com\/1\/wp-json\/wp\/v2\/posts\/79238","targetHints":{"allow":["GET"]}}],"collection":[{"href":"https:\/\/www.caririemacao.com\/1\/wp-json\/wp\/v2\/posts"}],"about":[{"href":"https:\/\/www.caririemacao.com\/1\/wp-json\/wp\/v2\/types\/post"}],"author":[{"embeddable":true,"href":"https:\/\/www.caririemacao.com\/1\/wp-json\/wp\/v2\/users\/1"}],"replies":[{"embeddable":true,"href":"https:\/\/www.caririemacao.com\/1\/wp-json\/wp\/v2\/comments?post=79238"}],"version-history":[{"count":1,"href":"https:\/\/www.caririemacao.com\/1\/wp-json\/wp\/v2\/posts\/79238\/revisions"}],"predecessor-version":[{"id":79240,"href":"https:\/\/www.caririemacao.com\/1\/wp-json\/wp\/v2\/posts\/79238\/revisions\/79240"}],"wp:featuredmedia":[{"embeddable":true,"href":"https:\/\/www.caririemacao.com\/1\/wp-json\/wp\/v2\/media\/67521"}],"wp:attachment":[{"href":"https:\/\/www.caririemacao.com\/1\/wp-json\/wp\/v2\/media?parent=79238"}],"wp:term":[{"taxonomy":"category","embeddable":true,"href":"https:\/\/www.caririemacao.com\/1\/wp-json\/wp\/v2\/categories?post=79238"},{"taxonomy":"post_tag","embeddable":true,"href":"https:\/\/www.caririemacao.com\/1\/wp-json\/wp\/v2\/tags?post=79238"}],"curies":[{"name":"wp","href":"https:\/\/api.w.org\/{rel}","templated":true}]}}