{"id":79260,"date":"2019-01-02T18:19:01","date_gmt":"2019-01-02T21:19:01","guid":{"rendered":"http:\/\/www.caririemacao.com\/1\/?p=79260"},"modified":"2019-01-02T18:19:01","modified_gmt":"2019-01-02T21:19:01","slug":"empossado-no-governo-joao-azevedo-anuncia-decreto-para-baixar-energia","status":"publish","type":"post","link":"https:\/\/www.caririemacao.com\/1\/2019\/01\/02\/empossado-no-governo-joao-azevedo-anuncia-decreto-para-baixar-energia\/","title":{"rendered":"Empossado no governo, Jo\u00e3o Azev\u00eado anuncia decreto para baixar energia"},"content":{"rendered":"<p>O engenheiro Jo\u00e3o Azev\u00eado foi empossado no cargo de governador da Para\u00edba durante sess\u00e3o solene da Assembleia Legislativa na tarde desta ter\u00e7a-feira (01). Antes ele e a vice-governadora, L\u00edgia Feliciano, fizeram o juramento e assinaram o termo de posse.\u00a0Das m\u00e3os de um neto Jo\u00e3o recebeu a bandeira da Para\u00edba.<\/p>\n<p>O novo governador se emocionou ao discursar e agradecer o apoio dos familiares durante a campanha eleitoral. \u201cPenduro a bata de professor e a caneta de engenheiro no arm\u00e1rio da hist\u00f3ria e coloco as vestes de governante\u201d, disse.\u00a0Ele aproveitou para lan\u00e7ar o slogan do novo governo: \u2018Segue o trabalho\u2019.<\/p>\n<p>Jo\u00e3o cobrou mudan\u00e7as no Pacto Federativo e distribui\u00e7\u00e3o dos recursos federais, al\u00e9m da abertura da \u201ccaixa preta\u201d do Fundo de Participa\u00e7\u00e3o dos Estados (FPE).<\/p>\n<p>Falando diretamente aos deputados, Jo\u00e3o afirmou que o Governo n\u00e3o mudou, apesar de ter mudado o governador e pediu o apoio da bancada na Assembleia Legislativa e em Bras\u00edlia em favor dos paraibanos. \u201cN\u00f3s n\u00e3o vamos inventar a roda, mas vamos lubrific\u00e1-la\u201d, afirmou.<\/p>\n<p>Garantir abastecimento de \u00e1gua em todas as regi\u00f5es \u00e9 uma das metas do novo governo. Para isso o governador aposta na constru\u00e7\u00e3o de barragens, cisternas e adutoras. Ao finalizar seu discurso Jo\u00e3o recebeu o abra\u00e7o do ex-governador Ricardo Coutinho.<\/p>\n<p><strong>Posse dos secret\u00e1rios<\/strong><\/p>\n<p>A posse coletiva do secretariado ocorrer\u00e1 amanh\u00e3, seguida por uma reuni\u00e3o onde ser\u00e3o tra\u00e7adas as metas da gest\u00e3o.\u00a0Conforme Jo\u00e3o, as metas estabelecidas ser\u00e3o trimestrais com acompanhamento pontual das Secretarias.<\/p>\n<p>\u201cAlguns medidas ser\u00e3o tomadas j\u00e1 com vistas a reestrutura\u00e7\u00e3o do pr\u00f3prio estado. Alguns setores passar\u00e3o por reestrutura\u00e7\u00e3o e estabelecimento de metas para Secretarias dentro da governan\u00e7a eletr\u00f4nica que n\u00f3s estamos implementando para o estado\u201d, explicou.<\/p>\n<p>Ele afirmou que sua primeira medida ser\u00e1 reduzir o ICMS da conta de energia, principal proposta de sua campanha. O governador ainda garantiu bom relacionamento com os munic\u00edpios e um pacote de obras para os primeiros dias de gest\u00e3o.<\/p>\n<p>Ao falar sobre a expectativa de relacionamento com o governo federal, Azev\u00eado disse esperar um tratamento republicano e libera\u00e7\u00e3o das opera\u00e7\u00f5es de cr\u00e9dito pleiteadas pela Para\u00edba.<\/p>\n<p><em>Com Mais PB<\/em><\/p>\n","protected":false},"excerpt":{"rendered":"<p>O engenheiro Jo\u00e3o Azev\u00eado foi empossado no cargo de governador da Para\u00edba durante sess\u00e3o solene da Assembleia Legislativa na tarde desta ter\u00e7a-feira (01). Antes ele&hellip; <\/p>\n","protected":false},"author":1,"featured_media":77327,"comment_status":"closed","ping_status":"closed","sticky":false,"template":"","format":"standard","meta":{"sfsi_plus_gutenberg_text_before_share":"","sfsi_plus_gutenberg_show_text_before_share":"","sfsi_plus_gutenberg_icon_type":"","sfsi_plus_gutenberg_icon_alignemt":"","sfsi_plus_gutenburg_max_per_row":"","footnotes":""},"categories":[50,11],"tags":[],"class_list":["post-79260","post","type-post","status-publish","format-standard","has-post-thumbnail","hentry","category-destaque","category-politica"],"_links":{"self":[{"href":"https:\/\/www.caririemacao.com\/1\/wp-json\/wp\/v2\/posts\/79260","targetHints":{"allow":["GET"]}}],"collection":[{"href":"https:\/\/www.caririemacao.com\/1\/wp-json\/wp\/v2\/posts"}],"about":[{"href":"https:\/\/www.caririemacao.com\/1\/wp-json\/wp\/v2\/types\/post"}],"author":[{"embeddable":true,"href":"https:\/\/www.caririemacao.com\/1\/wp-json\/wp\/v2\/users\/1"}],"replies":[{"embeddable":true,"href":"https:\/\/www.caririemacao.com\/1\/wp-json\/wp\/v2\/comments?post=79260"}],"version-history":[{"count":1,"href":"https:\/\/www.caririemacao.com\/1\/wp-json\/wp\/v2\/posts\/79260\/revisions"}],"predecessor-version":[{"id":79261,"href":"https:\/\/www.caririemacao.com\/1\/wp-json\/wp\/v2\/posts\/79260\/revisions\/79261"}],"wp:featuredmedia":[{"embeddable":true,"href":"https:\/\/www.caririemacao.com\/1\/wp-json\/wp\/v2\/media\/77327"}],"wp:attachment":[{"href":"https:\/\/www.caririemacao.com\/1\/wp-json\/wp\/v2\/media?parent=79260"}],"wp:term":[{"taxonomy":"category","embeddable":true,"href":"https:\/\/www.caririemacao.com\/1\/wp-json\/wp\/v2\/categories?post=79260"},{"taxonomy":"post_tag","embeddable":true,"href":"https:\/\/www.caririemacao.com\/1\/wp-json\/wp\/v2\/tags?post=79260"}],"curies":[{"name":"wp","href":"https:\/\/api.w.org\/{rel}","templated":true}]}}