{"id":79263,"date":"2019-01-02T18:22:51","date_gmt":"2019-01-02T21:22:51","guid":{"rendered":"http:\/\/www.caririemacao.com\/1\/?p=79263"},"modified":"2019-01-02T18:22:51","modified_gmt":"2019-01-02T21:22:51","slug":"bolsonaro-assina-decreto-que-aumenta-salario-minimo-para-r-998-em-2019","status":"publish","type":"post","link":"https:\/\/www.caririemacao.com\/1\/2019\/01\/02\/bolsonaro-assina-decreto-que-aumenta-salario-minimo-para-r-998-em-2019\/","title":{"rendered":"Bolsonaro assina decreto que aumenta sal\u00e1rio m\u00ednimo para R$ 998 em 2019"},"content":{"rendered":"<p>Decreto assinado pelo presidente Jair Bolsonaro e publicado nesta ter\u00e7a-feira (1\u00ba) em edi\u00e7\u00e3o extra do \u201cDi\u00e1rio Oficial da Uni\u00e3o\u201d fixou o sal\u00e1rio m\u00ednimo em R$ 998 neste ano. O valor atual \u00e9 de R$ 954.<\/p>\n<p>Com isso, o valor ficou abaixo da estimativa que constava do or\u00e7amento da Uni\u00e3o, de R$ 1.006. O or\u00e7amento foi enviado em agosto do ano passado pelo governo Michel Temer ao Congresso.<\/p>\n<div class=\"mc-column content-text active-extra-styles \" data-block-type=\"unstyled\" data-block-weight=\"41\" data-block-id=\"5\">\n<p class=\"content-text__container \" data-track-category=\"Link no Texto\" data-track-links=\"\">O que a equipe econ\u00f4mica do governo Michel Temer dizia \u00e9 que a infla\u00e7\u00e3o de 2018 (um dos fatores que determinam o valor) vai ser menor que o projetado anteriormente \u2013 quando foi proposto sal\u00e1rio m\u00ednimo de R$ 1.006 em 2019.<\/p>\n<\/div>\n<div class=\"mc-column content-text active-extra-styles \" data-block-type=\"unstyled\" data-block-weight=\"31\" data-block-id=\"6\">\n<p class=\"content-text__container \" data-track-category=\"Link no Texto\" data-track-links=\"\">De acordo com informa\u00e7\u00f5es do Departamento Intersindical de Estat\u00edstica e Estudos S\u00f3cioecon\u00f4micos (Dieese), o sal\u00e1rio m\u00ednimo serve de refer\u00eancia para o rendimento de cerca de 48 milh\u00f5es de trabalhadores no Brasil.<\/p>\n<p><strong>F\u00f3rmula do sal\u00e1rio m\u00ednimo<\/strong><\/p>\n<p>O reajuste do sal\u00e1rio m\u00ednimo obedece a uma f\u00f3rmula que leva em considera\u00e7\u00e3o o resultado do Produto Interno Bruto (PIB) de dois anos antes e a varia\u00e7\u00e3o da infla\u00e7\u00e3o, medida pelo INPC, do ano anterior.<\/p>\n<p>Para o sal\u00e1rio m\u00ednimo de 2019, portanto, a f\u00f3rmula determina a soma do resultado do PIB de 2017 (alta de 1%) e o INPC de 2018. Como s\u00f3 ser\u00e1 poss\u00edvel saber no in\u00edcio do ano que vem a varia\u00e7\u00e3o do INPC de 2018, o governo usa uma previs\u00e3o para propor o aumento.<\/p>\n<p>Al\u00e9m da infla\u00e7\u00e3o e do resultado do PIB, no reajuste do m\u00ednimo de 2019 est\u00e1 embutido uma compensa\u00e7\u00e3o pelo reajuste autorizado em 2018, de 1,81%, que ficou abaixo da infla\u00e7\u00e3o medida pelo INPC. Esse foi o menor aumento em 24 anos.<\/p>\n<p>O ano de 2019 \u00e9 o \u00faltimo de validade da atual f\u00f3rmula de corre\u00e7\u00e3o do m\u00ednimo, que come\u00e7ou a valer em 2012. O pr\u00f3ximo presidente da Rep\u00fablica, Jair Bolsonaro, ainda n\u00e3o detalhou qual ser\u00e1 sua proposta para o sal\u00e1rio m\u00ednimo de 2020 em diante.<\/p>\n<\/div>\n","protected":false},"excerpt":{"rendered":"<p>Decreto assinado pelo presidente Jair Bolsonaro e publicado nesta ter\u00e7a-feira (1\u00ba) em edi\u00e7\u00e3o extra do \u201cDi\u00e1rio Oficial da Uni\u00e3o\u201d fixou o sal\u00e1rio m\u00ednimo em R$&hellip; <\/p>\n","protected":false},"author":1,"featured_media":79265,"comment_status":"closed","ping_status":"closed","sticky":false,"template":"","format":"standard","meta":{"sfsi_plus_gutenberg_text_before_share":"","sfsi_plus_gutenberg_show_text_before_share":"","sfsi_plus_gutenberg_icon_type":"","sfsi_plus_gutenberg_icon_alignemt":"","sfsi_plus_gutenburg_max_per_row":"","footnotes":""},"categories":[50,11],"tags":[],"class_list":["post-79263","post","type-post","status-publish","format-standard","has-post-thumbnail","hentry","category-destaque","category-politica"],"_links":{"self":[{"href":"https:\/\/www.caririemacao.com\/1\/wp-json\/wp\/v2\/posts\/79263","targetHints":{"allow":["GET"]}}],"collection":[{"href":"https:\/\/www.caririemacao.com\/1\/wp-json\/wp\/v2\/posts"}],"about":[{"href":"https:\/\/www.caririemacao.com\/1\/wp-json\/wp\/v2\/types\/post"}],"author":[{"embeddable":true,"href":"https:\/\/www.caririemacao.com\/1\/wp-json\/wp\/v2\/users\/1"}],"replies":[{"embeddable":true,"href":"https:\/\/www.caririemacao.com\/1\/wp-json\/wp\/v2\/comments?post=79263"}],"version-history":[{"count":1,"href":"https:\/\/www.caririemacao.com\/1\/wp-json\/wp\/v2\/posts\/79263\/revisions"}],"predecessor-version":[{"id":79266,"href":"https:\/\/www.caririemacao.com\/1\/wp-json\/wp\/v2\/posts\/79263\/revisions\/79266"}],"wp:featuredmedia":[{"embeddable":true,"href":"https:\/\/www.caririemacao.com\/1\/wp-json\/wp\/v2\/media\/79265"}],"wp:attachment":[{"href":"https:\/\/www.caririemacao.com\/1\/wp-json\/wp\/v2\/media?parent=79263"}],"wp:term":[{"taxonomy":"category","embeddable":true,"href":"https:\/\/www.caririemacao.com\/1\/wp-json\/wp\/v2\/categories?post=79263"},{"taxonomy":"post_tag","embeddable":true,"href":"https:\/\/www.caririemacao.com\/1\/wp-json\/wp\/v2\/tags?post=79263"}],"curies":[{"name":"wp","href":"https:\/\/api.w.org\/{rel}","templated":true}]}}