{"id":79267,"date":"2019-01-02T18:25:39","date_gmt":"2019-01-02T21:25:39","guid":{"rendered":"http:\/\/www.caririemacao.com\/1\/?p=79267"},"modified":"2019-01-02T18:25:39","modified_gmt":"2019-01-02T21:25:39","slug":"ministro-de-minas-e-energia-toma-posse-e-promete-reducao-de-tarifas","status":"publish","type":"post","link":"https:\/\/www.caririemacao.com\/1\/2019\/01\/02\/ministro-de-minas-e-energia-toma-posse-e-promete-reducao-de-tarifas\/","title":{"rendered":"Ministro de Minas e Energia toma posse e promete redu\u00e7\u00e3o de tarifas"},"content":{"rendered":"<p>O ministro de Minas e Energia, Bento Albuquerque, assumiu o cargo nesta quarta-feira (2) prometendo reduzir as tarifas de energia ao retirar principalmente subs\u00eddios da conta.<\/p>\n<p>A Aneel, ag\u00eancia que regula o setor, j\u00e1 foi consultada sobre as mudan\u00e7as.<\/p>\n<p>O ministro afirmou que vai rever as pol\u00edticas de explora\u00e7\u00e3o do pr\u00e9-sal, ampliando o regime de partilha, o que dever\u00e1 trazer mais investidores estrangeiros ao setor.<\/p>\n<p>Tamb\u00e9m refor\u00e7ou o est\u00edmulo \u00e0 energia nuclear, considerada estrat\u00e9gica.<\/p>\n<p>\u201cO Brasil n\u00e3o pode se entregar ao preconceito e \u00e0 desinforma\u00e7\u00e3o desprezando o dom\u00ednio que temos das duas tecnologias: explora\u00e7\u00e3o e processamento.\u201d<\/p>\n<p>Albuquerque anunciou ainda que far\u00e1 uma \u201charmoniza\u00e7\u00e3o\u201d entre o direito mineral e o ambiental para estimular a produ\u00e7\u00e3o do setor, outra prioridade.<\/p>\n<p>O processo de capitaliza\u00e7\u00e3o da Eletrobras, iniciado no governo de Michel Temer, ser\u00e1 levado adiante, segundo o ministro.<\/p>\n<p>&nbsp;<\/p>\n<p>FolhaPress<\/p>\n","protected":false},"excerpt":{"rendered":"<p>O ministro de Minas e Energia, Bento Albuquerque, assumiu o cargo nesta quarta-feira (2) prometendo reduzir as tarifas de energia ao retirar principalmente subs\u00eddios da&hellip; <\/p>\n","protected":false},"author":1,"featured_media":79269,"comment_status":"closed","ping_status":"closed","sticky":false,"template":"","format":"standard","meta":{"sfsi_plus_gutenberg_text_before_share":"","sfsi_plus_gutenberg_show_text_before_share":"","sfsi_plus_gutenberg_icon_type":"","sfsi_plus_gutenberg_icon_alignemt":"","sfsi_plus_gutenburg_max_per_row":"","footnotes":""},"categories":[11],"tags":[],"class_list":["post-79267","post","type-post","status-publish","format-standard","has-post-thumbnail","hentry","category-politica"],"_links":{"self":[{"href":"https:\/\/www.caririemacao.com\/1\/wp-json\/wp\/v2\/posts\/79267","targetHints":{"allow":["GET"]}}],"collection":[{"href":"https:\/\/www.caririemacao.com\/1\/wp-json\/wp\/v2\/posts"}],"about":[{"href":"https:\/\/www.caririemacao.com\/1\/wp-json\/wp\/v2\/types\/post"}],"author":[{"embeddable":true,"href":"https:\/\/www.caririemacao.com\/1\/wp-json\/wp\/v2\/users\/1"}],"replies":[{"embeddable":true,"href":"https:\/\/www.caririemacao.com\/1\/wp-json\/wp\/v2\/comments?post=79267"}],"version-history":[{"count":1,"href":"https:\/\/www.caririemacao.com\/1\/wp-json\/wp\/v2\/posts\/79267\/revisions"}],"predecessor-version":[{"id":79270,"href":"https:\/\/www.caririemacao.com\/1\/wp-json\/wp\/v2\/posts\/79267\/revisions\/79270"}],"wp:featuredmedia":[{"embeddable":true,"href":"https:\/\/www.caririemacao.com\/1\/wp-json\/wp\/v2\/media\/79269"}],"wp:attachment":[{"href":"https:\/\/www.caririemacao.com\/1\/wp-json\/wp\/v2\/media?parent=79267"}],"wp:term":[{"taxonomy":"category","embeddable":true,"href":"https:\/\/www.caririemacao.com\/1\/wp-json\/wp\/v2\/categories?post=79267"},{"taxonomy":"post_tag","embeddable":true,"href":"https:\/\/www.caririemacao.com\/1\/wp-json\/wp\/v2\/tags?post=79267"}],"curies":[{"name":"wp","href":"https:\/\/api.w.org\/{rel}","templated":true}]}}