{"id":79274,"date":"2019-01-02T18:28:55","date_gmt":"2019-01-02T21:28:55","guid":{"rendered":"http:\/\/www.caririemacao.com\/1\/?p=79274"},"modified":"2019-01-02T18:28:55","modified_gmt":"2019-01-02T21:28:55","slug":"ministro-da-cidadania-garante-que-13o-do-bolsa-familia-sera-pago-este-ano","status":"publish","type":"post","link":"https:\/\/www.caririemacao.com\/1\/2019\/01\/02\/ministro-da-cidadania-garante-que-13o-do-bolsa-familia-sera-pago-este-ano\/","title":{"rendered":"Ministro da Cidadania garante que 13\u00ba do Bolsa Fam\u00edlia ser\u00e1 pago este ano"},"content":{"rendered":"<p>ministro da Cidadania, Osmar Terra, disse hoje (2) que o pagamento do 13\u00ba aos benefici\u00e1rios do programa Bolsa Fam\u00edlia est\u00e1 garantido e ser\u00e1 feito no fim deste ano.<\/p>\n<p>\u201cVai ter o 13\u00ba. O presidente [Jair Bolsonaro] prometeu, e n\u00f3s vamos fazer cumprir\u201d, afirmou Terra, na cerim\u00f4nia em que recebeu o cargo do ex-ministro do Desenvolvimento Social Alberto Beltrame.<\/p>\n<p>Segundo o ministro, o impacto do 13\u00ba no or\u00e7amento do Bolsa Fam\u00edlia \u00e9 de aproximadamente R$ 2,5 bilh\u00f5es, e ser\u00e1 necess\u00e1rio um refor\u00e7o or\u00e7ament\u00e1rio para a pasta.<\/p>\n<p>\u201cVamos trabalhar a quest\u00e3o or\u00e7ament\u00e1ria, porque nos deram um or\u00e7amento perna curta nessa \u00e1rea\u201d, afirmou Terra.<\/p>\n<p>Ele acrescentou que o programa passar\u00e1 por uma avalia\u00e7\u00e3o geral para que sejam beneficiadas somente as fam\u00edlias necessitadas.<\/p>\n<div id=\"attachment_554224\" class=\"wp-caption aligncenter\"><img decoding=\"async\" class=\"wp-image-554224 size-full lazyload\" data-src=\"https:\/\/paraibaonline.com.br\/wp-content\/uploads\/2019\/01\/osmar-terra-e-alberto-beltrame.jpg\" data-srcset=\"https:\/\/paraibaonline.com.br\/wp-content\/uploads\/2019\/01\/osmar-terra-e-alberto-beltrame.jpg 754w, https:\/\/paraibaonline.com.br\/wp-content\/uploads\/2019\/01\/osmar-terra-e-alberto-beltrame-567x378.jpg 567w\" alt=\"Foto: Jos\u00e9 Cruz\/ Ag\u00eancia Brasil \" src=\"data:image\/svg+xml;base64,PHN2ZyB3aWR0aD0iMSIgaGVpZ2h0PSIxIiB4bWxucz0iaHR0cDovL3d3dy53My5vcmcvMjAwMC9zdmciPjwvc3ZnPg==\" \/><\/p>\n<p class=\"wp-caption-text\">Foto: Jos\u00e9 Cruz\/ Ag\u00eancia Brasil<\/p>\n<\/div>\n<p>Desafio<br \/>\nEm discurso, Terra disse que o desafio da nova pasta, criada a partir da fus\u00e3o dos minist\u00e9rios do Desenvolvimento Social, do Esporte e da Cultura, ser\u00e1 aprimorar programas j\u00e1 existentes nessas \u00e1reas e integrar a\u00e7\u00f5es para assegurar a inclus\u00e3o das popula\u00e7\u00f5es carentes.<\/p>\n<p>De acordo com o ministro, nenhum setor perder\u00e1 espa\u00e7o, mas ser\u00e1 necess\u00e1rio, a partir de agora, trabalhar a organiza\u00e7\u00e3o interna da nova pasta.<\/p>\n<p>Entre os programas que ser\u00e3o aprimorados, o ministro citou o Bolsa Fam\u00edlia e o Bolsa Atleta, al\u00e9m da Lei Rounet.<\/p>\n<p>Para Terra, o Bolsa Fam\u00edlia precisa avan\u00e7ar e incluir a\u00e7\u00f5es produtivas, visando abrir campo de trabalho para os benefici\u00e1rios do programa e gerar renda.<\/p>\n<p>Base<br \/>\nNo caso do Bolsa Atleta, o ministro defendeu o desenvolvimento de a\u00e7\u00f5es voltadas para a forma\u00e7\u00e3o de jovens atletas.<\/p>\n<p>\u201dFoi cortado recurso, vamos lutar para ter mais, mas, enquanto n\u00e3o vem o recurso, vamos distribuir melhor essas bolsas, privilegiando o esporte de base\u201d, argumentou.<\/p>\n<p>No fim do m\u00eas passado, foi anunciado um corte de 47,5% no n\u00famero de bolsas e a extin\u00e7\u00e3o das categorias atleta estudantil e atleta de base.<\/p>\n<p>Outra proposta apresentada pelo ministro foi a democratiza\u00e7\u00e3o da Lei Rouanet, principal instrumento de financiamento do setor cultural no pa\u00eds, atrav\u00e9s de incentivos fiscais para os patrocinadores.<\/p>\n<p>A ideia do ministro \u00e9 priorizar os novos movimentos e os jovens talentos culturais.<\/p>\n<p>\u201cA Lei Rouanet n\u00e3o pode ser muito concentrada. Hoje 80% dos benef\u00edcios v\u00e3o para Rio e S\u00e3o Paulo. O Nordeste e a cultura popular tamb\u00e9m t\u00eam de ter patroc\u00ednio\u201d, afirmou.<\/p>\n<p>Expectativa<br \/>\nConforme Terra, h\u00e1 uma grande expectativa da popula\u00e7\u00e3o em rela\u00e7\u00e3o \u00e0s mudan\u00e7as estruturais que o governo Bolsonaro pretende fazer.<\/p>\n<p>\u201cO Brasil est\u00e1 esperando muito da gente, e n\u00e3o podemos falhar\u201d, disse o ministro, que prometeu se esfor\u00e7ar para cumprir o programa de governo do presidente Jair Bolsonaro.<\/p>\n<p>Terra disse que a orienta\u00e7\u00e3o do presidente a sua equipe ministerial foi para que todos trabalhem pelo pa\u00eds, e n\u00e3o para grupos pol\u00edticos.<\/p>\n<p>\u201c\u00c9 um presidente preocupado em que as coisas aconte\u00e7am, n\u00e3o em beneficiar um partido pol\u00edtico ou um grupo pol\u00edtico\u201d, afirmou.<\/p>\n<p>\u201c[Ele] disse que seus ministros n\u00e3o precisam se preocupar em servir a interesses menores, mas em servir aos interesses do Brasil.\u201d<\/p>\n<p>&nbsp;<\/p>\n<p>Ag\u00eancia Brasil<\/p>\n","protected":false},"excerpt":{"rendered":"<p>ministro da Cidadania, Osmar Terra, disse hoje (2) que o pagamento do 13\u00ba aos benefici\u00e1rios do programa Bolsa Fam\u00edlia est\u00e1 garantido e ser\u00e1 feito no&hellip; <\/p>\n","protected":false},"author":1,"featured_media":79275,"comment_status":"closed","ping_status":"closed","sticky":false,"template":"","format":"standard","meta":{"sfsi_plus_gutenberg_text_before_share":"","sfsi_plus_gutenberg_show_text_before_share":"","sfsi_plus_gutenberg_icon_type":"","sfsi_plus_gutenberg_icon_alignemt":"","sfsi_plus_gutenburg_max_per_row":"","footnotes":""},"categories":[50,11],"tags":[],"class_list":["post-79274","post","type-post","status-publish","format-standard","has-post-thumbnail","hentry","category-destaque","category-politica"],"_links":{"self":[{"href":"https:\/\/www.caririemacao.com\/1\/wp-json\/wp\/v2\/posts\/79274","targetHints":{"allow":["GET"]}}],"collection":[{"href":"https:\/\/www.caririemacao.com\/1\/wp-json\/wp\/v2\/posts"}],"about":[{"href":"https:\/\/www.caririemacao.com\/1\/wp-json\/wp\/v2\/types\/post"}],"author":[{"embeddable":true,"href":"https:\/\/www.caririemacao.com\/1\/wp-json\/wp\/v2\/users\/1"}],"replies":[{"embeddable":true,"href":"https:\/\/www.caririemacao.com\/1\/wp-json\/wp\/v2\/comments?post=79274"}],"version-history":[{"count":1,"href":"https:\/\/www.caririemacao.com\/1\/wp-json\/wp\/v2\/posts\/79274\/revisions"}],"predecessor-version":[{"id":79276,"href":"https:\/\/www.caririemacao.com\/1\/wp-json\/wp\/v2\/posts\/79274\/revisions\/79276"}],"wp:featuredmedia":[{"embeddable":true,"href":"https:\/\/www.caririemacao.com\/1\/wp-json\/wp\/v2\/media\/79275"}],"wp:attachment":[{"href":"https:\/\/www.caririemacao.com\/1\/wp-json\/wp\/v2\/media?parent=79274"}],"wp:term":[{"taxonomy":"category","embeddable":true,"href":"https:\/\/www.caririemacao.com\/1\/wp-json\/wp\/v2\/categories?post=79274"},{"taxonomy":"post_tag","embeddable":true,"href":"https:\/\/www.caririemacao.com\/1\/wp-json\/wp\/v2\/tags?post=79274"}],"curies":[{"name":"wp","href":"https:\/\/api.w.org\/{rel}","templated":true}]}}