{"id":79284,"date":"2019-01-02T18:32:00","date_gmt":"2019-01-02T21:32:00","guid":{"rendered":"http:\/\/www.caririemacao.com\/1\/?p=79284"},"modified":"2019-01-02T18:32:00","modified_gmt":"2019-01-02T21:32:00","slug":"azevedo-anuncia-medidas-administrativas-para-enfrentar-2019-sem-surpresas-economicas","status":"publish","type":"post","link":"https:\/\/www.caririemacao.com\/1\/2019\/01\/02\/azevedo-anuncia-medidas-administrativas-para-enfrentar-2019-sem-surpresas-economicas\/","title":{"rendered":"Azev\u00eado anuncia medidas administrativas para enfrentar 2019 sem surpresas econ\u00f4micas"},"content":{"rendered":"<p>\u201cN\u00e3o h\u00e1 uma gest\u00e3o de pol\u00edticas p\u00fablicas que esteja pronta e acabada, que n\u00e3o precise de aprimoramentos e avan\u00e7os, assim como, n\u00e3o h\u00e1 uma estrutura de governo que n\u00e3o precise de mudan\u00e7as\u201d.<\/p>\n<p>Foi o que declarou o novo governador da Para\u00edba, Jo\u00e3o Azevedo (PSB) ao fazer o an\u00fancio das primeiras medidas administrativas com o objetivo \u201cazeitar\u201d a m\u00e1quina do Estado ao longo dos pr\u00f3ximos quatro anos.<\/p>\n<p>Entre as medidas est\u00e1 a amplia\u00e7\u00e3o dos 30% de corte de cargos comissionados, que segundo ele \u00e9 poss\u00edvel fazer sim essa amplia\u00e7\u00e3o de bloqueio, o que vai representar uma economia efetiva de recursos da ordem de R$ 26 milh\u00f5es.<\/p>\n<p>\u201cIsso \u00e9 muito importante em um momento como esse. N\u00f3s sabemos o que pode gerar de frutos no futuro\u201d, afirmou<\/p>\n<div id=\"attachment_554188\" class=\"wp-caption aligncenter\"><img decoding=\"async\" class=\"wp-image-554188 size-full lazyload\" data-src=\"https:\/\/paraibaonline.com.br\/wp-content\/uploads\/2019\/01\/49089482_1995055473919225_1143337882086277120_n-1.jpg\" data-srcset=\"https:\/\/paraibaonline.com.br\/wp-content\/uploads\/2019\/01\/49089482_1995055473919225_1143337882086277120_n-1.jpg 960w, https:\/\/paraibaonline.com.br\/wp-content\/uploads\/2019\/01\/49089482_1995055473919225_1143337882086277120_n-1-567x319.jpg 567w, https:\/\/paraibaonline.com.br\/wp-content\/uploads\/2019\/01\/49089482_1995055473919225_1143337882086277120_n-1-900x506.jpg 900w\" alt=\"Foto: Paraibaonline\" src=\"data:image\/svg+xml;base64,PHN2ZyB3aWR0aD0iMSIgaGVpZ2h0PSIxIiB4bWxucz0iaHR0cDovL3d3dy53My5vcmcvMjAwMC9zdmciPjwvc3ZnPg==\" \/><\/p>\n<p class=\"wp-caption-text\">Foto: Paraibaonline<\/p>\n<\/div>\n<p>Dentro da estrutura do Estado, o governador far\u00e1 a fus\u00e3o de alguns \u00f3rg\u00e3os e empresas, que precisam passar por um processo de adapta\u00e7\u00e3o e ou atualiza\u00e7\u00e3o.<\/p>\n<p>A Medida Provis\u00f3ria 277 autoriza o Poder Executivo a criar a Empresa Paraibana de Pesquisa, Extens\u00e3o Rural e Regulariza\u00e7\u00e3o Fundi\u00e1ria, resultado da jun\u00e7\u00e3o da Emater, Interpa e Emepa.<\/p>\n<p>Segundo ele, a fus\u00e3o dessas empresas far\u00e1 com que o Estado obtenha uma economia de R$ 20 milh\u00f5es por ano na redu\u00e7\u00e3o de 500 cargos comissionados para 74 cargos.<\/p>\n<p>\u201cEssa redu\u00e7\u00e3o \u00e9 significativa. Ser\u00e3o vinte milh\u00f5es de reais destinados para obras e a\u00e7\u00f5es de pol\u00edticas p\u00fablicas\u201d, assegurou.<\/p>\n<p>Outra MP anunciada, \u00e9 que altera a denomina\u00e7\u00e3o da R\u00e1dio Tabajara S\/A para Empresa Paraibana de Comunica\u00e7\u00e3o (EPC), que ficar\u00e1 com a responsabilidade de comandar ainda o Jornal A Uni\u00e3o com o seu parque gr\u00e1fico e a pr\u00f3pria r\u00e1dio do governo, o que vai impactar uma economia de R$ 3 milh\u00f5es dentro da estrutura do Estado.<\/p>\n<p>\u201cN\u00f3s teremos uma empresa que far\u00e1 a coordena\u00e7\u00e3o de todo o trabalho de m\u00eddia do governo\u201d, destacou.<\/p>\n<p>Segundo ele, essas medidas foram levantadas pela Comiss\u00e3o de Transi\u00e7\u00e3o do Governo durante a qual foram identificados cada segmento onde o governo poderia economizar para enfrentar o ano de 2019 sem sobressaltos, dentro das limita\u00e7\u00f5es que a Para\u00edba tem.<\/p>\n<p>A MP 275 vai alterar a estrutura da Secretaria de Agricultura, na qual existe a Empasa, que ser\u00e1 transformada em uma Diretoria.<\/p>\n<p>Essa altera\u00e7\u00e3o vai permitir a redu\u00e7\u00e3o de 42 para 24 cargos comissionados representado uma economia de R$ 3 milh\u00f5es.<\/p>\n<p>Por fim, o governador assinou tamb\u00e9m um Decreto que altera o regulamento do ICMS aprovado pelos deputados, o qual isenta do imposto a popula\u00e7\u00e3o de baixa renda e que consome at\u00e9 90kW \/m\u00eas ou at\u00e9 3kW\/dia de energia.<\/p>\n<p>Ele assegurou que a partir do pr\u00f3ximo m\u00eas, os paraibanos j\u00e1 ter\u00e3o esse benef\u00edcio na conta de luz.<\/p>\n<p>\u201cNesse primeiro momento s\u00e3o essas as medidas provis\u00f3rias que estamos implementando, outras a\u00e7\u00f5es vir\u00e3o ao longo desse primeiro m\u00eas para que a gente possa ajustar definitivamente a m\u00e1quina do Estado com instrumentos mais moderno, a exemplo do governo eletr\u00f4nico, que deveremos anunci\u00e1-lo posteriormente\u201d, completou.<\/p>\n","protected":false},"excerpt":{"rendered":"<p>\u201cN\u00e3o h\u00e1 uma gest\u00e3o de pol\u00edticas p\u00fablicas que esteja pronta e acabada, que n\u00e3o precise de aprimoramentos e avan\u00e7os, assim como, n\u00e3o h\u00e1 uma estrutura&hellip; <\/p>\n","protected":false},"author":1,"featured_media":79285,"comment_status":"closed","ping_status":"closed","sticky":false,"template":"","format":"standard","meta":{"sfsi_plus_gutenberg_text_before_share":"","sfsi_plus_gutenberg_show_text_before_share":"","sfsi_plus_gutenberg_icon_type":"","sfsi_plus_gutenberg_icon_alignemt":"","sfsi_plus_gutenburg_max_per_row":"","footnotes":""},"categories":[50,11],"tags":[],"class_list":["post-79284","post","type-post","status-publish","format-standard","has-post-thumbnail","hentry","category-destaque","category-politica"],"_links":{"self":[{"href":"https:\/\/www.caririemacao.com\/1\/wp-json\/wp\/v2\/posts\/79284","targetHints":{"allow":["GET"]}}],"collection":[{"href":"https:\/\/www.caririemacao.com\/1\/wp-json\/wp\/v2\/posts"}],"about":[{"href":"https:\/\/www.caririemacao.com\/1\/wp-json\/wp\/v2\/types\/post"}],"author":[{"embeddable":true,"href":"https:\/\/www.caririemacao.com\/1\/wp-json\/wp\/v2\/users\/1"}],"replies":[{"embeddable":true,"href":"https:\/\/www.caririemacao.com\/1\/wp-json\/wp\/v2\/comments?post=79284"}],"version-history":[{"count":1,"href":"https:\/\/www.caririemacao.com\/1\/wp-json\/wp\/v2\/posts\/79284\/revisions"}],"predecessor-version":[{"id":79286,"href":"https:\/\/www.caririemacao.com\/1\/wp-json\/wp\/v2\/posts\/79284\/revisions\/79286"}],"wp:featuredmedia":[{"embeddable":true,"href":"https:\/\/www.caririemacao.com\/1\/wp-json\/wp\/v2\/media\/79285"}],"wp:attachment":[{"href":"https:\/\/www.caririemacao.com\/1\/wp-json\/wp\/v2\/media?parent=79284"}],"wp:term":[{"taxonomy":"category","embeddable":true,"href":"https:\/\/www.caririemacao.com\/1\/wp-json\/wp\/v2\/categories?post=79284"},{"taxonomy":"post_tag","embeddable":true,"href":"https:\/\/www.caririemacao.com\/1\/wp-json\/wp\/v2\/tags?post=79284"}],"curies":[{"name":"wp","href":"https:\/\/api.w.org\/{rel}","templated":true}]}}