{"id":79287,"date":"2019-01-02T18:33:38","date_gmt":"2019-01-02T21:33:38","guid":{"rendered":"http:\/\/www.caririemacao.com\/1\/?p=79287"},"modified":"2019-01-02T18:33:38","modified_gmt":"2019-01-02T21:33:38","slug":"campinense-retoma-trabalhos-e-diretoria-anuncia-contratacao-de-atacante","status":"publish","type":"post","link":"https:\/\/www.caririemacao.com\/1\/2019\/01\/02\/campinense-retoma-trabalhos-e-diretoria-anuncia-contratacao-de-atacante\/","title":{"rendered":"Campinense retoma trabalhos e diretoria anuncia contrata\u00e7\u00e3o de atacante"},"content":{"rendered":"<p>elenco do Campinense retorna aos trabalhos logo mais, \u00e0s 15h30, no campo dos Maristas, em Lagoa Seca, e a diretoria deve apresentar mais uma contrata\u00e7\u00e3o para a temporada 2019, ano em que o clube disputa Campeonato Paraibano, Copa do Brasil e S\u00e9rie D do Brasileiro.<\/p>\n<div id=\"attachment_554012\" class=\"wp-caption alignnone\"><img decoding=\"async\" class=\"wp-image-554012 size-medium lazyload\" data-src=\"https:\/\/paraibaonline.com.br\/wp-content\/uploads\/2019\/01\/Chaveirinho-567x402.jpg\" data-srcset=\"https:\/\/paraibaonline.com.br\/wp-content\/uploads\/2019\/01\/Chaveirinho-567x402.jpg 567w, https:\/\/paraibaonline.com.br\/wp-content\/uploads\/2019\/01\/Chaveirinho.jpg 728w\" alt=\"\" src=\"data:image\/svg+xml;base64,PHN2ZyB3aWR0aD0iMSIgaGVpZ2h0PSIxIiB4bWxucz0iaHR0cDovL3d3dy53My5vcmcvMjAwMC9zdmciPjwvc3ZnPg==\" style=\"--smush-placeholder-width: 567px; --smush-placeholder-aspect-ratio: 567\/402;\" \/><\/p>\n<p class=\"wp-caption-text\">Foto: Ascom \/ Manaus FC<\/p>\n<\/div>\n<p>Trata-se do atacante Chaveirinho, de 27 anos, que tem como seu \u00faltimo clube o S\u00e3o Francisco-PA. Ele chegou a ser anunciado recentemente como refor\u00e7o do Imperatriz-MA, mas acabou desembarcando em Campina Grande nesta quarta-feira (02) e vai atuar pela Raposa.<\/p>\n<p>A informa\u00e7\u00e3o foi confirmada pelo coordenador t\u00e9cnico do Rubro-Negro, Paulo Moroni.<\/p>\n<p>Sivaldo Rodrigues de Brito, apelidado de Chaveirinho, tem como principal caracter\u00edstica a velocidade, atributo que agrada o t\u00e9cnico raposeiro Francisco Di\u00e1.<\/p>\n<p>O jogador ainda acumula passagens por Orat\u00f3rio-AP, Independente-PA, Ituano-SP, \u00c1guia de Marab\u00e1, Joinville e Manaus.<\/p>\n<p>&nbsp;<\/p>\n<p>Para\u00edba Online<\/p>\n","protected":false},"excerpt":{"rendered":"<p>elenco do Campinense retorna aos trabalhos logo mais, \u00e0s 15h30, no campo dos Maristas, em Lagoa Seca, e a diretoria deve apresentar mais uma contrata\u00e7\u00e3o&hellip; <\/p>\n","protected":false},"author":1,"featured_media":79289,"comment_status":"closed","ping_status":"closed","sticky":false,"template":"","format":"standard","meta":{"sfsi_plus_gutenberg_text_before_share":"","sfsi_plus_gutenberg_show_text_before_share":"","sfsi_plus_gutenberg_icon_type":"","sfsi_plus_gutenberg_icon_alignemt":"","sfsi_plus_gutenburg_max_per_row":"","footnotes":""},"categories":[13],"tags":[],"class_list":["post-79287","post","type-post","status-publish","format-standard","has-post-thumbnail","hentry","category-esportes"],"_links":{"self":[{"href":"https:\/\/www.caririemacao.com\/1\/wp-json\/wp\/v2\/posts\/79287","targetHints":{"allow":["GET"]}}],"collection":[{"href":"https:\/\/www.caririemacao.com\/1\/wp-json\/wp\/v2\/posts"}],"about":[{"href":"https:\/\/www.caririemacao.com\/1\/wp-json\/wp\/v2\/types\/post"}],"author":[{"embeddable":true,"href":"https:\/\/www.caririemacao.com\/1\/wp-json\/wp\/v2\/users\/1"}],"replies":[{"embeddable":true,"href":"https:\/\/www.caririemacao.com\/1\/wp-json\/wp\/v2\/comments?post=79287"}],"version-history":[{"count":1,"href":"https:\/\/www.caririemacao.com\/1\/wp-json\/wp\/v2\/posts\/79287\/revisions"}],"predecessor-version":[{"id":79290,"href":"https:\/\/www.caririemacao.com\/1\/wp-json\/wp\/v2\/posts\/79287\/revisions\/79290"}],"wp:featuredmedia":[{"embeddable":true,"href":"https:\/\/www.caririemacao.com\/1\/wp-json\/wp\/v2\/media\/79289"}],"wp:attachment":[{"href":"https:\/\/www.caririemacao.com\/1\/wp-json\/wp\/v2\/media?parent=79287"}],"wp:term":[{"taxonomy":"category","embeddable":true,"href":"https:\/\/www.caririemacao.com\/1\/wp-json\/wp\/v2\/categories?post=79287"},{"taxonomy":"post_tag","embeddable":true,"href":"https:\/\/www.caririemacao.com\/1\/wp-json\/wp\/v2\/tags?post=79287"}],"curies":[{"name":"wp","href":"https:\/\/api.w.org\/{rel}","templated":true}]}}