{"id":79291,"date":"2019-01-02T18:40:48","date_gmt":"2019-01-02T21:40:48","guid":{"rendered":"http:\/\/www.caririemacao.com\/1\/?p=79291"},"modified":"2019-01-02T18:40:48","modified_gmt":"2019-01-02T21:40:48","slug":"joao-diz-que-secretarios-farao-curso-de-formacao-para-aperfeicoar-gestao","status":"publish","type":"post","link":"https:\/\/www.caririemacao.com\/1\/2019\/01\/02\/joao-diz-que-secretarios-farao-curso-de-formacao-para-aperfeicoar-gestao\/","title":{"rendered":"Jo\u00e3o diz que secret\u00e1rios far\u00e3o curso de forma\u00e7\u00e3o para aperfei\u00e7oar gest\u00e3o"},"content":{"rendered":"<p>Durante discurso de posse dos novos secret\u00e1rios,\u00a0nesta quarta-feira (02),\u00a0o\u00a0governador Jo\u00e3o Azev\u00eado anunciou a realiza\u00e7\u00e3o de um curso de forma\u00e7\u00e3o para os gestores que assumiram as pastas de seu governo. Para ele, o curso \u00e9 uma forma de aperfei\u00e7oar ainda mais cada um dos secret\u00e1rios para os desafios que ser\u00e3o postos frente ao cen\u00e1rio de incertezas, ao se referir\u00a0ao governo de Jair Bolsonaro.<\/p>\n<p>&#8220;N\u00f3s precisamos ter o conhecimento profundo da m\u00e1quina para fazer mais com menos. E assumir uma condi\u00e7\u00e3o de eternos aprendizes \u00e9 sempre fundamental para que consigamos superar os desafios que est\u00e3o sendo impostos. Precisamos entender que esse sinal amarelo que est\u00e1 acesso \u00e9 de um alerta para que permane\u00e7amos atentos, para evitar que de forma nenhuma, se transforme em um sinal vermelho na Para\u00edba. N\u00e3o podemos retroceder em tantas conquistas que o nosso estado obteve durante a gest\u00e3o de Ricardo&#8221;, explicou.<\/p>\n<p>O curso ainda n\u00e3o tem data oficializada, mas todos os secret\u00e1rios e gestores ser\u00e3o convidados a integrar a forma\u00e7\u00e3o, que ter\u00e1 dura\u00e7\u00e3o de um dia e dar\u00e1 como destaque as estrat\u00e9gias para uma gest\u00e3o p\u00fablica mais sustent\u00e1vel.<\/p>\n","protected":false},"excerpt":{"rendered":"<p>Durante discurso de posse dos novos secret\u00e1rios,\u00a0nesta quarta-feira (02),\u00a0o\u00a0governador Jo\u00e3o Azev\u00eado anunciou a realiza\u00e7\u00e3o de um curso de forma\u00e7\u00e3o para os gestores que assumiram as&hellip; <\/p>\n","protected":false},"author":1,"featured_media":79299,"comment_status":"closed","ping_status":"closed","sticky":false,"template":"","format":"standard","meta":{"sfsi_plus_gutenberg_text_before_share":"","sfsi_plus_gutenberg_show_text_before_share":"","sfsi_plus_gutenberg_icon_type":"","sfsi_plus_gutenberg_icon_alignemt":"","sfsi_plus_gutenburg_max_per_row":"","footnotes":""},"categories":[11],"tags":[],"class_list":["post-79291","post","type-post","status-publish","format-standard","has-post-thumbnail","hentry","category-politica"],"_links":{"self":[{"href":"https:\/\/www.caririemacao.com\/1\/wp-json\/wp\/v2\/posts\/79291","targetHints":{"allow":["GET"]}}],"collection":[{"href":"https:\/\/www.caririemacao.com\/1\/wp-json\/wp\/v2\/posts"}],"about":[{"href":"https:\/\/www.caririemacao.com\/1\/wp-json\/wp\/v2\/types\/post"}],"author":[{"embeddable":true,"href":"https:\/\/www.caririemacao.com\/1\/wp-json\/wp\/v2\/users\/1"}],"replies":[{"embeddable":true,"href":"https:\/\/www.caririemacao.com\/1\/wp-json\/wp\/v2\/comments?post=79291"}],"version-history":[{"count":1,"href":"https:\/\/www.caririemacao.com\/1\/wp-json\/wp\/v2\/posts\/79291\/revisions"}],"predecessor-version":[{"id":79300,"href":"https:\/\/www.caririemacao.com\/1\/wp-json\/wp\/v2\/posts\/79291\/revisions\/79300"}],"wp:featuredmedia":[{"embeddable":true,"href":"https:\/\/www.caririemacao.com\/1\/wp-json\/wp\/v2\/media\/79299"}],"wp:attachment":[{"href":"https:\/\/www.caririemacao.com\/1\/wp-json\/wp\/v2\/media?parent=79291"}],"wp:term":[{"taxonomy":"category","embeddable":true,"href":"https:\/\/www.caririemacao.com\/1\/wp-json\/wp\/v2\/categories?post=79291"},{"taxonomy":"post_tag","embeddable":true,"href":"https:\/\/www.caririemacao.com\/1\/wp-json\/wp\/v2\/tags?post=79291"}],"curies":[{"name":"wp","href":"https:\/\/api.w.org\/{rel}","templated":true}]}}