{"id":79310,"date":"2019-01-02T18:44:54","date_gmt":"2019-01-02T21:44:54","guid":{"rendered":"http:\/\/www.caririemacao.com\/1\/?p=79310"},"modified":"2019-01-02T18:45:20","modified_gmt":"2019-01-02T21:45:20","slug":"governador-empossa-secretarios-e-anuncia-reunioes-periodicas-para-acompanhar-acoes","status":"publish","type":"post","link":"https:\/\/www.caririemacao.com\/1\/2019\/01\/02\/governador-empossa-secretarios-e-anuncia-reunioes-periodicas-para-acompanhar-acoes\/","title":{"rendered":"Governador empossa secret\u00e1rios e anuncia reuni\u00f5es peri\u00f3dicas para acompanhar a\u00e7\u00f5es"},"content":{"rendered":"<p>O governador Jo\u00e3o Azev\u00eado empossou, nesta quarta-feira (2), os secret\u00e1rios de Estado e dirigentes de \u00f3rg\u00e3os e estatais durante solenidade realizada no Teatro Paulo Pontes, no Espa\u00e7o Cultural Jos\u00e9 Lins do R\u00eago, em Jo\u00e3o Pessoa.<\/p>\n<p>Durante a solenidade, o chefe do Executivo estadual destacou a unidade de sua equipe e anunciou a realiza\u00e7\u00e3o de reuni\u00f5es peri\u00f3dicas com os auxiliares da gest\u00e3o para acompanhar o andamento de todos os projetos em andamento no Estado.<\/p>\n<div id=\"attachment_554208\" class=\"wp-caption aligncenter\"><img decoding=\"async\" class=\"wp-image-554208 size-full lazyload\" data-src=\"https:\/\/paraibaonline.com.br\/wp-content\/uploads\/2019\/01\/governador-joao-azevedo-dar-posse-aos-secretarios_foto-francisco-franca-51.jpg\" data-srcset=\"https:\/\/paraibaonline.com.br\/wp-content\/uploads\/2019\/01\/governador-joao-azevedo-dar-posse-aos-secretarios_foto-francisco-franca-51.jpg 800w, https:\/\/paraibaonline.com.br\/wp-content\/uploads\/2019\/01\/governador-joao-azevedo-dar-posse-aos-secretarios_foto-francisco-franca-51-556x417.jpg 556w\" alt=\"Foto: Secom\/PB\" src=\"data:image\/svg+xml;base64,PHN2ZyB3aWR0aD0iMSIgaGVpZ2h0PSIxIiB4bWxucz0iaHR0cDovL3d3dy53My5vcmcvMjAwMC9zdmciPjwvc3ZnPg==\" \/><\/p>\n<p class=\"wp-caption-text\">Foto: Secom\/PB<\/p>\n<\/div>\n<p>\u201cA meta \u00e9 fazer sempre mais do que conseguimos fazer. Vamos fazer mais pelo povo, dar as respostas para o que a popula\u00e7\u00e3o exige de n\u00f3s e vai exigir muito mais a cada dia que passa. Eu cobro dedica\u00e7\u00e3o, determina\u00e7\u00e3o e compromisso de cada um\u201d, ressaltou.<\/p>\n<p>Jo\u00e3o Azev\u00eado tamb\u00e9m afirmou ter a certeza de que os secret\u00e1rios e dirigentes de \u00f3rg\u00e3os empossados nesta quarta-feira far\u00e3o a diferen\u00e7a na gest\u00e3o p\u00fablica.<\/p>\n<div id=\"attachment_554205\" class=\"wp-caption aligncenter\"><img decoding=\"async\" class=\"wp-image-554205 size-full lazyload\" data-src=\"https:\/\/paraibaonline.com.br\/wp-content\/uploads\/2019\/01\/governador-joao-azevedo-dar-posse-aos-secretarios_foto-francisco-franca-29.jpg\" data-srcset=\"https:\/\/paraibaonline.com.br\/wp-content\/uploads\/2019\/01\/governador-joao-azevedo-dar-posse-aos-secretarios_foto-francisco-franca-29.jpg 800w, https:\/\/paraibaonline.com.br\/wp-content\/uploads\/2019\/01\/governador-joao-azevedo-dar-posse-aos-secretarios_foto-francisco-franca-29-556x417.jpg 556w\" alt=\"Foto: Secom\/PB\" src=\"data:image\/svg+xml;base64,PHN2ZyB3aWR0aD0iMSIgaGVpZ2h0PSIxIiB4bWxucz0iaHR0cDovL3d3dy53My5vcmcvMjAwMC9zdmciPjwvc3ZnPg==\" \/><\/p>\n<p class=\"wp-caption-text\">Foto: Secom\/PB<\/p>\n<\/div>\n<p>\u201cAqui existe uma mescla de juventude, de conhecimento da m\u00e1quina p\u00fablica e n\u00e3o tenho nenhuma d\u00favida de que esse conjunto de for\u00e7as de pessoas far\u00e1 uma grande gest\u00e3o em benef\u00edcio do povo da Para\u00edba\u201d, declarou.<\/p>\n<p>O secret\u00e1rio de Estado de Governo, Nonato Bandeira, que falou em nome de todos os empossados, destacou os desafios da equipe para os pr\u00f3ximos quatro anos.<\/p>\n<div id=\"attachment_554207\" class=\"wp-caption aligncenter\"><img decoding=\"async\" class=\"wp-image-554207 size-full lazyload\" data-src=\"https:\/\/paraibaonline.com.br\/wp-content\/uploads\/2019\/01\/governador-joao-azevedo-dar-posse-aos-secretarios_foto-francisco-franca-40.jpg\" data-srcset=\"https:\/\/paraibaonline.com.br\/wp-content\/uploads\/2019\/01\/governador-joao-azevedo-dar-posse-aos-secretarios_foto-francisco-franca-40.jpg 800w, https:\/\/paraibaonline.com.br\/wp-content\/uploads\/2019\/01\/governador-joao-azevedo-dar-posse-aos-secretarios_foto-francisco-franca-40-556x417.jpg 556w\" alt=\"\" src=\"data:image\/svg+xml;base64,PHN2ZyB3aWR0aD0iMSIgaGVpZ2h0PSIxIiB4bWxucz0iaHR0cDovL3d3dy53My5vcmcvMjAwMC9zdmciPjwvc3ZnPg==\" \/><\/p>\n<p class=\"wp-caption-text\">Foto: Secom\/PB<\/p>\n<\/div>\n<p>\u201cN\u00f3s temos que nos reinventar e jamais nos acomodar. N\u00f3s temos que ampliar esse legado de justi\u00e7a social, de desenvolvimento econ\u00f4mico, de equil\u00edbrio financeiro e, ao mesmo tempo, propor as novas f\u00f3rmulas, as novas obras, os novos desafios sob o comando do nosso governador Jo\u00e3o Azev\u00eado\u201d, disse.<\/p>\n<p>O secret\u00e1rio de Seguran\u00e7a P\u00fablica, Jean Francisco, adiantou as metas de sua pasta para combater a criminalidade no Estado.<\/p>\n<p>\u201cN\u00f3s vamos ampliar os princ\u00edpios do programa Para\u00edba Unida Pela Paz, vamos intensificar o combate ao crime contra o patrim\u00f4nio, vamos buscar reduzir ainda mais o n\u00famero de homic\u00eddios, al\u00e9m de estabelecer a cria\u00e7\u00e3o de Centros de Comando e Controle em Jo\u00e3o Pessoa, Campina Grande e Patos e fortalecer o incremento tecnol\u00f3gico na \u00e1rea da seguran\u00e7a\u201d, explicou.<\/p>\n<p>O secret\u00e1rio de Planejamento, Or\u00e7amento e Gest\u00e3o, Waldson Souza, assegurou que o Governo do Estado manter\u00e1 o ritmo acelerado de investimentos nos pr\u00f3ximos anos.<\/p>\n<p>\u201cA popula\u00e7\u00e3o precisa e vai ter uma resposta muito grande dos principais problemas e miss\u00f5es que temos a enfrentar. A Para\u00edba vai ter um governo forte, com muita presen\u00e7a e qualifica\u00e7\u00e3o t\u00e9cnica, chegando muito pr\u00f3ximo do povo\u201d, enfatizou.<\/p>\n<p>J\u00e1 o secret\u00e1rio da Infraestrutura, Recursos H\u00eddricos, do Meio Ambiente e da Ci\u00eancia e Tecnologia, Deusdeste Queiroga, destacou que o principal desafio de sua pasta ser\u00e1 garantir a seguran\u00e7a h\u00eddrica dos munic\u00edpios.<\/p>\n<p>\u201cO nosso desafio eterno \u00e9 dar seguran\u00e7a h\u00eddrica \u00e0 popula\u00e7\u00e3o, com o abastecimento das cidades. N\u00f3s vamos tamb\u00e9m ampliar a infraestrutura estadual e vamos investir na manuten\u00e7\u00e3o das estradas, das adutoras e melhorar os servi\u00e7os da Cagepa\u201d, argumentou.<\/p>\n<p>A vice-governadora L\u00edgia Feliciano, os deputados federais Veneziano Vital do R\u00eago, Dami\u00e3o Feliciano, Luiz Couto, al\u00e9m dos deputados estaduais Gerv\u00e1sio Maia, Herv\u00e1zio Bezerra, Adriano Galdino, Estela Bezerra, Branco Mendes e Jo\u00e3o Bosco Carneiro, dentre outras autoridades estiveram presentes \u00e0 solenidade.<\/p>\n<p>Confira a rela\u00e7\u00e3o dos secret\u00e1rios e demais auxiliares empossados:<\/p>\n<p>Administra\u00e7\u00e3o Direta<br \/>\nProcuradoria-Geral do Estado \u2013 Gilberto Carneiro<br \/>\nProcurador adjunto \u2013 Paulo M\u00e1rcio<br \/>\nControladoria Geral do Estado \u2013 Gilmar Martins<br \/>\nSecretaria de Comunica\u00e7\u00e3o Institucional \u2013 Lu\u00eds T\u00f4rres<br \/>\nSecretaria Executiva da Comunica\u00e7\u00e3o Institucional \u2013 Sebasti\u00e3o Lucena<br \/>\nSecretaria da Administra\u00e7\u00e3o \u2013 Liv\u00e2nia Farias<br \/>\nSecretaria das Finan\u00e7as \u2013 Amanda Rodrigues<br \/>\nSecretaria do Planejamento \u2013 Waldson Souza<br \/>\nSecretaria Executiva do Planejamento \u2013 F\u00e1bio Maia<br \/>\nSecret\u00e1rio Chefe de Governo \u2013 Nonato Bandeira<br \/>\nChefe de Gabinete \u2013 Ronaldo Guerra<br \/>\nSecretaria da Receita \u2013 Marialvo Laureano<br \/>\nSecretaria Executiva da Receita \u2013 Bruno Frade<br \/>\nSecretaria da Infraestrutura, Recursos H\u00eddricos e Meio Ambiente \u2013 Deusdete Queiroga<br \/>\nSecretaria Executiva da Infraestrutura, Recursos H\u00eddricos e Meio Ambiente \u2013 Virgiane Melo<br \/>\nSecretaria do Desenvolvimento Econ\u00f4mico \u2013 Gustavo Feliciano<br \/>\nSecretaria Executiva do Turismo \u2013 Ivan Burity<br \/>\nSecretaria da Educa\u00e7\u00e3o \u2013 Al\u00e9ssio Trindade<br \/>\nSecretaria Executiva da Ci\u00eancia e Tecnologia \u2013 Cl\u00e1udio Furtado<br \/>\nSecretaria Executiva de Administra\u00e7\u00e3o de Suprimentos e Log\u00edstica da Educa\u00e7\u00e3o \u2013 Artur Viana<br \/>\nSecretaria da Mulher e da Diversidade Humana \u2013 Gilberta Soares<br \/>\nSecretaria da Administra\u00e7\u00e3o Penitenci\u00e1ria \u2013 Tenente Coronel S\u00e9rgio F\u00f4nseca<br \/>\nCasa Militar \u2013 Tenente Coronel Anderson<br \/>\nCasa Civil \u2013 Iris Rodrigues<br \/>\nSecretaria da Sa\u00fade \u2013 Cl\u00e1udia Veras<br \/>\nSecretaria Executiva da Sa\u00fade \u2013 Renata N\u00f3brega<br \/>\nSecretaria Executiva de Gest\u00e3o Hospitalar \u2013 Geraldo Medeiros<br \/>\nEscrit\u00f3rio de Representa\u00e7\u00e3o em Bras\u00edlia: Sueli Santiago<br \/>\nEscrit\u00f3rio Executivo de Representa\u00e7\u00e3o em Bras\u00edlia: Adauto Fernandes<br \/>\nSecret\u00e1rio Executivo da Controladoria-Geral do Estado: Breno Wanderley<br \/>\nSecretaria Executiva das Finan\u00e7as: M\u00e1rio S\u00e9rgio<br \/>\nSecretaria Executiva do Or\u00e7amento Democr\u00e1tico: C\u00e9lio Alves<br \/>\nSecretaria de Desenvolvimento e Articula\u00e7\u00e3o Municipal \u2013 Ana Cl\u00e1udia Vital<br \/>\nSecretaria de Desenvolvimento Humano: Gilvaneide Nunes da Silva<br \/>\nSecretaria Adjunta de Desenvolvimento Humano: Francisca Denise Albuquerque<br \/>\nSecret\u00e1ria Executiva de Seguran\u00e7a Alimentar: Roseana Meira<br \/>\nSecretaria da Cultura: Dami\u00e3o Ramos Cavalcanti<br \/>\nSecretaria Executiva da Cultura: Milton Dornelas<br \/>\nSecretaria de Seguran\u00e7a: Jean Francisco Bezerra Nunes<br \/>\nSecretaria Executiva de Seguran\u00e7a: Lamark Victor Donato<br \/>\nSecretaria Executiva da Administra\u00e7\u00e3o: Jaqueline Fernandes Gusm\u00e3o<br \/>\nSecretaria da Juventude, Esporte e Lazer: Jos\u00e9 Marco<br \/>\nSecretaria Executiva da Juventude, Esporte e Lazer: Priscila Gomes de Ara\u00fajo<br \/>\nSecretaria Executiva da Agricultura Familiar e Desenvolvimento do Semi\u00e1rido: Jonildo Cavalcante<br \/>\nSecretaria Executiva da Mulher e Diversidade Humana: L\u00eddia Moura<br \/>\nSecretaria Executiva da Administra\u00e7\u00e3o Penitenci\u00e1ria: Jo\u00e3o Paulo Barros<br \/>\nChefe do Cerimonial do Governo \u2013 Gabrielly Barbosa Fonseca<br \/>\nConsultoria dos Assuntos Legislativos do Governador \u2013 Sandro Targino<\/p>\n<p>\u00d3rg\u00e3os da Administra\u00e7\u00e3o Indireta<br \/>\nDER (Departamento de Estradas e Rodagem) \u2013 Carlos Pereira<br \/>\nSuplan \u2013 Simone Guimar\u00e3es<br \/>\nPBG\u00e1s \u2013 Tatiana Domiciano<br \/>\nPBPrev \u2013 Yuri Simpson Lobato<br \/>\nDelegado Geral \u2013 Isaias Jos\u00e9 Dantas Gualberto<br \/>\nDelegado Adjunto \u2013 Cassandra Maria Duarte Guimar\u00e3es<br \/>\nComandante da Pol\u00edcia Militar \u2013 Cel. Euller de Assis Chaves<br \/>\nSubcomandante da Pol\u00edcia Militar \u2013 Cel. Jos\u00e9 de Almeida Rosas<br \/>\nComandante do Corpo de Bombeiros \u2013 Cel. Bombeiro \u2013 Marcelo Augusto de Ara\u00fajo<br \/>\nSubcomandante do Corpo de Bombeiros \u2013 Cel. Bombeiro \u2013 Lucas Severiano de Lima<br \/>\nOuvidor e corregedor do Corpo de Bombeiros \u2013 Cel. Bombeiro Jair<br \/>\nProcon \u2013 K\u00e9ssia Dantas<br \/>\nARPB \u2013 Jo\u00e3o Vicente Machado<br \/>\nCodata \u2013 Krol J\u00e2nio Palitot Rem\u00edgio<br \/>\nEspep \u2013 Luciane Alves Coutinho<br \/>\nFunad \u2013 Simone Jord\u00e3o Almeida<br \/>\nLifesa: Carlos Alberto Dantas Bezerra<br \/>\nDetran: Agamenom Vieira da Silva<br \/>\nFundac: Noaldo Belo de Meireles<br \/>\nFunda\u00e7\u00e3o Casa de Jos\u00e9 Am\u00e9rico: Viviane Coutinho<br \/>\nFunesc: Marinezia Gomes Tom\u00e9<br \/>\nVice-presidente da Funesc: Raisa Agra Moura<br \/>\nCehap: Em\u00edlia Correira Lima<br \/>\nCagepa: Marcus Vinicius Neves<br \/>\nCompanhia Docas: Gilmara Pereira Temoteo<br \/>\nVice-presidente da Companhia Docas: Radam\u00e9cio Leite<br \/>\nAesa \u2013 Porfirio Loureiro<br \/>\nPBTur \u2013 Ruth Avelino Cavalcante<br \/>\nJucep: Sim\u00e3o de Almeida Neto<br \/>\nVice-presidente da Jucep: Giuseppi Marconi Coutinho de Souza<br \/>\nIphaep: Cassandra Eliane Figueiredo Dias<br \/>\nInstituto de Metrologia e Qualidade Industrial da Para\u00edba: Artur Bonfim<br \/>\nSudema: F\u00e1bio Andrade<br \/>\nAgevisa: J\u00f3ria Viana<br \/>\nCendac: Valqu\u00edria Alencar<br \/>\nCinep: R\u00f4mulo Polari<br \/>\nFunes: Geralda Medeiros<br \/>\nIASS: Laura Farias<br \/>\nProcase: Aristeu Chaves Sousa<br \/>\nLotep: Sebasti\u00e3o Alberto C\u00e2ndido<br \/>\nPBG\u00e1s: Tatiana da Rocha Domiciano<br \/>\nOuvidoria Geral do Estado: Tania Brito<\/p>\n<p>Veja o v\u00eddeo:<\/p>\n<p><iframe class=\"lazyloaded\" src=\"https:\/\/www.youtube.com\/embed\/-A5FCADRNfc?feature=oembed\" frameborder=\"0\" allowfullscreen=\"allowfullscreen\" data-mce-fragment=\"1\" data-lazy-src=\"https:\/\/www.youtube.com\/embed\/-A5FCADRNfc?feature=oembed\" data-rocket-lazyload=\"fitvidscompatible\" data-was-processed=\"true\"><\/iframe><\/p>\n<p>&nbsp;<\/p>\n<p>Secom\/PB<\/p>\n","protected":false},"excerpt":{"rendered":"<p>O governador Jo\u00e3o Azev\u00eado empossou, nesta quarta-feira (2), os secret\u00e1rios de Estado e dirigentes de \u00f3rg\u00e3os e estatais durante solenidade realizada no Teatro Paulo Pontes,&hellip; <\/p>\n","protected":false},"author":1,"featured_media":79312,"comment_status":"closed","ping_status":"closed","sticky":false,"template":"","format":"standard","meta":{"sfsi_plus_gutenberg_text_before_share":"","sfsi_plus_gutenberg_show_text_before_share":"","sfsi_plus_gutenberg_icon_type":"","sfsi_plus_gutenberg_icon_alignemt":"","sfsi_plus_gutenburg_max_per_row":"","footnotes":""},"categories":[11],"tags":[],"class_list":["post-79310","post","type-post","status-publish","format-standard","has-post-thumbnail","hentry","category-politica"],"_links":{"self":[{"href":"https:\/\/www.caririemacao.com\/1\/wp-json\/wp\/v2\/posts\/79310","targetHints":{"allow":["GET"]}}],"collection":[{"href":"https:\/\/www.caririemacao.com\/1\/wp-json\/wp\/v2\/posts"}],"about":[{"href":"https:\/\/www.caririemacao.com\/1\/wp-json\/wp\/v2\/types\/post"}],"author":[{"embeddable":true,"href":"https:\/\/www.caririemacao.com\/1\/wp-json\/wp\/v2\/users\/1"}],"replies":[{"embeddable":true,"href":"https:\/\/www.caririemacao.com\/1\/wp-json\/wp\/v2\/comments?post=79310"}],"version-history":[{"count":1,"href":"https:\/\/www.caririemacao.com\/1\/wp-json\/wp\/v2\/posts\/79310\/revisions"}],"predecessor-version":[{"id":79313,"href":"https:\/\/www.caririemacao.com\/1\/wp-json\/wp\/v2\/posts\/79310\/revisions\/79313"}],"wp:featuredmedia":[{"embeddable":true,"href":"https:\/\/www.caririemacao.com\/1\/wp-json\/wp\/v2\/media\/79312"}],"wp:attachment":[{"href":"https:\/\/www.caririemacao.com\/1\/wp-json\/wp\/v2\/media?parent=79310"}],"wp:term":[{"taxonomy":"category","embeddable":true,"href":"https:\/\/www.caririemacao.com\/1\/wp-json\/wp\/v2\/categories?post=79310"},{"taxonomy":"post_tag","embeddable":true,"href":"https:\/\/www.caririemacao.com\/1\/wp-json\/wp\/v2\/tags?post=79310"}],"curies":[{"name":"wp","href":"https:\/\/api.w.org\/{rel}","templated":true}]}}