{"id":79316,"date":"2019-01-02T19:16:22","date_gmt":"2019-01-02T22:16:22","guid":{"rendered":"http:\/\/www.caririemacao.com\/1\/?p=79316"},"modified":"2019-01-02T19:16:22","modified_gmt":"2019-01-02T22:16:22","slug":"veja-como-conseguir-desconto-na-conta-de-energia-prometido-por-joao-azevedo","status":"publish","type":"post","link":"https:\/\/www.caririemacao.com\/1\/2019\/01\/02\/veja-como-conseguir-desconto-na-conta-de-energia-prometido-por-joao-azevedo\/","title":{"rendered":"Veja como conseguir desconto na conta de energia prometido por Jo\u00e3o Azev\u00eado"},"content":{"rendered":"<div class=\"noticiacorpo\">\n<div>Sobre o decreto do governo do Estado da Para\u00edba isentando clientes residenciais de baixa renda da cobran\u00e7a do ICMS, a Energisa informa que os consumidores inscritos na Tarifa Social de Energia El\u00e9trica (TSEE) ter\u00e3o o benef\u00edcio concedido automaticamente, sem a necessidade de comunica\u00e7\u00e3o \u00e0 empresa. A \u00fanica preocupa\u00e7\u00e3o deve ser a de atualizar o cadastro a cada dois anos.<\/div>\n<div>J\u00e1 os clientes que ainda n\u00e3o s\u00e3o inscritos no benef\u00edcio da TSEE devem procurar o Centro de Refer\u00eancia em Assist\u00eancia Social (CRAS) ou a prefeitura da sua cidade para fazer o cadastro. Para ter direito \u00e0 Tarifa Social de Energia El\u00e9trica, a fam\u00edlia deve atender a um dos seguintes crit\u00e9rios:<\/div>\n<div>I \u2013 estar inscrita no Cadastro \u00danico para Programas Sociais do Governo Federal \u2013 Cadastro \u00danico, com renda familiar mensal per capita at\u00e9 meio sal\u00e1rio m\u00ednimo (valor atual: R$ 499,00);<\/div>\n<div>II \u2013 ter direito ao BPC &#8211; Benef\u00edcio de Presta\u00e7\u00e3o Continuada da Assist\u00eancia Social, nos termos dos arts. 20 e 21 da Lei no 8.742, de 7 de dezembro de 1993;<\/div>\n<div>III \u2013 estar inscrita no Cadastro \u00danico com renda mensal de at\u00e9 3 (tr\u00eas) sal\u00e1rios m\u00ednimos, que tenha portador de doen\u00e7a ou defici\u00eancia cujo tratamento, procedimento m\u00e9dico ou terap\u00eautico requeira o uso continuado de aparelhos, equipamentos ou instrumentos que, para o seu funcionamento, demandem consumo de energia el\u00e9trica.<\/div>\n<div><\/div>\n<div>A Energisa est\u00e1 preparada para aplicar a lei estadual assim que ela entrar em vigor e se mant\u00e9m \u00e0 disposi\u00e7\u00e3o dos clientes pelos seus canais de atendimento, inclusive os digitais (facebook, site e twitter).<\/div>\n<\/div>\n<p class=\"noticia_fonte\">Assessoria<\/p>\n","protected":false},"excerpt":{"rendered":"<p>Sobre o decreto do governo do Estado da Para\u00edba isentando clientes residenciais de baixa renda da cobran\u00e7a do ICMS, a Energisa informa que os consumidores&hellip; <\/p>\n","protected":false},"author":1,"featured_media":79317,"comment_status":"closed","ping_status":"closed","sticky":false,"template":"","format":"standard","meta":{"sfsi_plus_gutenberg_text_before_share":"","sfsi_plus_gutenberg_show_text_before_share":"","sfsi_plus_gutenberg_icon_type":"","sfsi_plus_gutenberg_icon_alignemt":"","sfsi_plus_gutenburg_max_per_row":"","footnotes":""},"categories":[2],"tags":[],"class_list":["post-79316","post","type-post","status-publish","format-standard","has-post-thumbnail","hentry","category-geral"],"_links":{"self":[{"href":"https:\/\/www.caririemacao.com\/1\/wp-json\/wp\/v2\/posts\/79316","targetHints":{"allow":["GET"]}}],"collection":[{"href":"https:\/\/www.caririemacao.com\/1\/wp-json\/wp\/v2\/posts"}],"about":[{"href":"https:\/\/www.caririemacao.com\/1\/wp-json\/wp\/v2\/types\/post"}],"author":[{"embeddable":true,"href":"https:\/\/www.caririemacao.com\/1\/wp-json\/wp\/v2\/users\/1"}],"replies":[{"embeddable":true,"href":"https:\/\/www.caririemacao.com\/1\/wp-json\/wp\/v2\/comments?post=79316"}],"version-history":[{"count":1,"href":"https:\/\/www.caririemacao.com\/1\/wp-json\/wp\/v2\/posts\/79316\/revisions"}],"predecessor-version":[{"id":79318,"href":"https:\/\/www.caririemacao.com\/1\/wp-json\/wp\/v2\/posts\/79316\/revisions\/79318"}],"wp:featuredmedia":[{"embeddable":true,"href":"https:\/\/www.caririemacao.com\/1\/wp-json\/wp\/v2\/media\/79317"}],"wp:attachment":[{"href":"https:\/\/www.caririemacao.com\/1\/wp-json\/wp\/v2\/media?parent=79316"}],"wp:term":[{"taxonomy":"category","embeddable":true,"href":"https:\/\/www.caririemacao.com\/1\/wp-json\/wp\/v2\/categories?post=79316"},{"taxonomy":"post_tag","embeddable":true,"href":"https:\/\/www.caririemacao.com\/1\/wp-json\/wp\/v2\/tags?post=79316"}],"curies":[{"name":"wp","href":"https:\/\/api.w.org\/{rel}","templated":true}]}}