{"id":79319,"date":"2019-01-02T19:20:29","date_gmt":"2019-01-02T22:20:29","guid":{"rendered":"http:\/\/www.caririemacao.com\/1\/?p=79319"},"modified":"2019-01-02T19:20:29","modified_gmt":"2019-01-02T22:20:29","slug":"lula-classifica-discurso-de-bolsonaro-na-posse-de-vazio","status":"publish","type":"post","link":"https:\/\/www.caririemacao.com\/1\/2019\/01\/02\/lula-classifica-discurso-de-bolsonaro-na-posse-de-vazio\/","title":{"rendered":"Lula classifica discurso de Bolsonaro na posse de &#8216;vazio&#8217;"},"content":{"rendered":"<p>O ex-presidente Luiz In\u00e1cio Lula da Silva, preso em Curitiba desde abril de 2018, viu a posse do presidente Jair Bolsonaro pela TV de sua cela no pr\u00e9dio da Pol\u00edcia Federal.\u00a0Segundo reportagem do jornal &#8220;O Globo&#8221;, Lula passou o dia 1\u00ba de janeiro praticamente sozinho, tendo apenas breves conversas com os agentes que o monitoram.<\/p>\n<p>No entanto, nesta quarta (2), Lula recebeu advogados de Curitiba e o deputado n\u00e3o reeleito Wadih Damous (PT-RJ), que integra sua banca de defesa. O ex-presidente criticou o discurso de Bolsonaro e disse que o PT precisa explicar ao povo o que \u00e9 soberania nacional, adotando o tema como sua bandeira na oposi\u00e7\u00e3o.<\/p>\n<p>&#8220;Perguntei a Lula o que achou do discurso de Bolsonaro. Ele disse que era &#8216;vazio de conte\u00fado&#8217;, sem falar de pol\u00edticas econ\u00f4micas, sociais, nada. A avalia\u00e7\u00e3o dele foi a mesma que a nossa, de que Bolsonaro falou para sua plateia com essa coisa de livrar o Brasil do socialismo. Sabemos que n\u00e3o \u00e9 isso que est\u00e1 em jogo hoje&#8221;, disse a fonte do &#8220;Globo&#8221;.<\/p>\n<p>Segundo o jornal, lideran\u00e7as do PT se reunir\u00e3o no dia 14 de janeiro para debater a atual conjuntura e definir como se posicionar\u00e3o na oposi\u00e7\u00e3o.<\/p>\n","protected":false},"excerpt":{"rendered":"<p>O ex-presidente Luiz In\u00e1cio Lula da Silva, preso em Curitiba desde abril de 2018, viu a posse do presidente Jair Bolsonaro pela TV de sua&hellip; <\/p>\n","protected":false},"author":1,"featured_media":79320,"comment_status":"closed","ping_status":"closed","sticky":false,"template":"","format":"standard","meta":{"sfsi_plus_gutenberg_text_before_share":"","sfsi_plus_gutenberg_show_text_before_share":"","sfsi_plus_gutenberg_icon_type":"","sfsi_plus_gutenberg_icon_alignemt":"","sfsi_plus_gutenburg_max_per_row":"","footnotes":""},"categories":[11],"tags":[],"class_list":["post-79319","post","type-post","status-publish","format-standard","has-post-thumbnail","hentry","category-politica"],"_links":{"self":[{"href":"https:\/\/www.caririemacao.com\/1\/wp-json\/wp\/v2\/posts\/79319","targetHints":{"allow":["GET"]}}],"collection":[{"href":"https:\/\/www.caririemacao.com\/1\/wp-json\/wp\/v2\/posts"}],"about":[{"href":"https:\/\/www.caririemacao.com\/1\/wp-json\/wp\/v2\/types\/post"}],"author":[{"embeddable":true,"href":"https:\/\/www.caririemacao.com\/1\/wp-json\/wp\/v2\/users\/1"}],"replies":[{"embeddable":true,"href":"https:\/\/www.caririemacao.com\/1\/wp-json\/wp\/v2\/comments?post=79319"}],"version-history":[{"count":1,"href":"https:\/\/www.caririemacao.com\/1\/wp-json\/wp\/v2\/posts\/79319\/revisions"}],"predecessor-version":[{"id":79321,"href":"https:\/\/www.caririemacao.com\/1\/wp-json\/wp\/v2\/posts\/79319\/revisions\/79321"}],"wp:featuredmedia":[{"embeddable":true,"href":"https:\/\/www.caririemacao.com\/1\/wp-json\/wp\/v2\/media\/79320"}],"wp:attachment":[{"href":"https:\/\/www.caririemacao.com\/1\/wp-json\/wp\/v2\/media?parent=79319"}],"wp:term":[{"taxonomy":"category","embeddable":true,"href":"https:\/\/www.caririemacao.com\/1\/wp-json\/wp\/v2\/categories?post=79319"},{"taxonomy":"post_tag","embeddable":true,"href":"https:\/\/www.caririemacao.com\/1\/wp-json\/wp\/v2\/tags?post=79319"}],"curies":[{"name":"wp","href":"https:\/\/api.w.org\/{rel}","templated":true}]}}