{"id":79322,"date":"2019-01-02T20:35:04","date_gmt":"2019-01-02T23:35:04","guid":{"rendered":"http:\/\/www.caririemacao.com\/1\/?p=79322"},"modified":"2019-01-02T20:35:04","modified_gmt":"2019-01-02T23:35:04","slug":"deputado-efraim-filho-destina-recursos-para-saude-de-sao-sebastiao-do-umbuzeiro","status":"publish","type":"post","link":"https:\/\/www.caririemacao.com\/1\/2019\/01\/02\/deputado-efraim-filho-destina-recursos-para-saude-de-sao-sebastiao-do-umbuzeiro\/","title":{"rendered":"Deputado Efraim Filho destina recursos para sa\u00fade de S\u00e3o Sebasti\u00e3o do Umbuzeiro"},"content":{"rendered":"<p>O deputado federal Efraim Filho conseguiu a libera\u00e7\u00e3o de uma emenda destinando recursos para sa\u00fade do munic\u00edpio de S\u00e3o Sebasti\u00e3o do Umbuzeiro. O valor da emenda \u00e9 de R$ 150 mil.<\/p>\n<p>O recurso oriundo do Fundo Nacional de Sa\u00fade ser\u00e1 utilizado para manuten\u00e7\u00e3o da aten\u00e7\u00e3o b\u00e1sica de sa\u00fade do munic\u00edpio, e o prefeito Adriano Wolff comemorou a conquista.<\/p>\n<p>\u201cCome\u00e7amos o ano ganhando este presente do deputado Efraim Filho, e o recurso j\u00e1 est\u00e1 na conta da sa\u00fade e vai ajudar no custeio das a\u00e7\u00f5es da secretaria de sa\u00fade de S\u00e3o Sebasti\u00e3o do Umbuzeiro. Muito obrigado e que Deus aben\u00e7oe Efraim Filho\u201d, disse o gestor.<\/p>\n","protected":false},"excerpt":{"rendered":"<p>O deputado federal Efraim Filho conseguiu a libera\u00e7\u00e3o de uma emenda destinando recursos para sa\u00fade do munic\u00edpio de S\u00e3o Sebasti\u00e3o do Umbuzeiro. O valor da&hellip; <\/p>\n","protected":false},"author":1,"featured_media":47964,"comment_status":"closed","ping_status":"closed","sticky":false,"template":"","format":"standard","meta":{"sfsi_plus_gutenberg_text_before_share":"","sfsi_plus_gutenberg_show_text_before_share":"","sfsi_plus_gutenberg_icon_type":"","sfsi_plus_gutenberg_icon_alignemt":"","sfsi_plus_gutenburg_max_per_row":"","footnotes":""},"categories":[6],"tags":[],"class_list":["post-79322","post","type-post","status-publish","format-standard","has-post-thumbnail","hentry","category-cidades"],"_links":{"self":[{"href":"https:\/\/www.caririemacao.com\/1\/wp-json\/wp\/v2\/posts\/79322","targetHints":{"allow":["GET"]}}],"collection":[{"href":"https:\/\/www.caririemacao.com\/1\/wp-json\/wp\/v2\/posts"}],"about":[{"href":"https:\/\/www.caririemacao.com\/1\/wp-json\/wp\/v2\/types\/post"}],"author":[{"embeddable":true,"href":"https:\/\/www.caririemacao.com\/1\/wp-json\/wp\/v2\/users\/1"}],"replies":[{"embeddable":true,"href":"https:\/\/www.caririemacao.com\/1\/wp-json\/wp\/v2\/comments?post=79322"}],"version-history":[{"count":1,"href":"https:\/\/www.caririemacao.com\/1\/wp-json\/wp\/v2\/posts\/79322\/revisions"}],"predecessor-version":[{"id":79323,"href":"https:\/\/www.caririemacao.com\/1\/wp-json\/wp\/v2\/posts\/79322\/revisions\/79323"}],"wp:featuredmedia":[{"embeddable":true,"href":"https:\/\/www.caririemacao.com\/1\/wp-json\/wp\/v2\/media\/47964"}],"wp:attachment":[{"href":"https:\/\/www.caririemacao.com\/1\/wp-json\/wp\/v2\/media?parent=79322"}],"wp:term":[{"taxonomy":"category","embeddable":true,"href":"https:\/\/www.caririemacao.com\/1\/wp-json\/wp\/v2\/categories?post=79322"},{"taxonomy":"post_tag","embeddable":true,"href":"https:\/\/www.caririemacao.com\/1\/wp-json\/wp\/v2\/tags?post=79322"}],"curies":[{"name":"wp","href":"https:\/\/api.w.org\/{rel}","templated":true}]}}