{"id":79336,"date":"2019-01-02T20:59:22","date_gmt":"2019-01-02T23:59:22","guid":{"rendered":"http:\/\/www.caririemacao.com\/1\/?p=79336"},"modified":"2019-01-02T20:59:22","modified_gmt":"2019-01-02T23:59:22","slug":"pt-prepara-decreto-para-garantir-quantia-retirada-por-bolsonaro-do-salario-minimo-aprovado","status":"publish","type":"post","link":"https:\/\/www.caririemacao.com\/1\/2019\/01\/02\/pt-prepara-decreto-para-garantir-quantia-retirada-por-bolsonaro-do-salario-minimo-aprovado\/","title":{"rendered":"PT prepara decreto para garantir quantia retirada por Bolsonaro do sal\u00e1rio m\u00ednimo aprovado"},"content":{"rendered":"<p>O Partido dos Trabalhadores decidiu apresentar um decreto legislativo para garantir o aumento de R$ 954 para R$ 1.006, como estava aprovado no or\u00e7amento. Em seu primeiro ato de governo, o presidente eleito, Jair Bolsonaro, tirou R$ 8 do trabalhador mais pobre, com um m\u00ednimo de R$ 998.<\/p>\n<p>Segundo a presidente nacional do PT, a senadora Gleisi Hoffmann (PT-PR), eleita deputada federal,\u00a0\u201co mesmo Congresso que deu 16% para os ju\u00edzes tem a obriga\u00e7\u00e3o de dar oito reais a mais para os trabalhadores\u201d. \u201cN\u00e3o \u00e9 poss\u00edvel que o Congresso q deu reajuste de 16% ao judici\u00e1rio n\u00e3o garanta a expectativa de infla\u00e7\u00e3o e a recomposi\u00e7\u00e3o dos res\u00edduos para o sal\u00e1rio m\u00ednimo. S\u00e3o R$ 8,00. Pra quem ganha pouco, isso faz muita diferen\u00e7a\u201d, disse.<\/p>\n<div class=\"td-a-rec td-a-rec-id-content_inline  \">De acordo com a lei do sal\u00e1rio m\u00ednimo, ele deve ser reajustado pelo PIB de dois anos atr\u00e1s mais a varia\u00e7\u00e3o da infla\u00e7\u00e3o do ano anterior. Essa varia\u00e7\u00e3o pode ser estimada, compensando-se depois os res\u00edduos da estimativa, para mais ou para menos<\/div>\n<p>A Lei Or\u00e7ament\u00e1ria Anual (LOA) estimou a infla\u00e7\u00e3o de 2018 em 4,2% e tamb\u00e9m colocou os res\u00edduos, a menor, dos reajustes anteriores que foram feitos (R$1,75). O c\u00e1lculo, com o PIB de 2016, colocou o sal\u00e1rio m\u00ednimo em R$ 1006,00.<\/p>\n","protected":false},"excerpt":{"rendered":"<p>O Partido dos Trabalhadores decidiu apresentar um decreto legislativo para garantir o aumento de R$ 954 para R$ 1.006, como estava aprovado no or\u00e7amento. Em&hellip; <\/p>\n","protected":false},"author":1,"featured_media":21148,"comment_status":"closed","ping_status":"closed","sticky":false,"template":"","format":"standard","meta":{"sfsi_plus_gutenberg_text_before_share":"","sfsi_plus_gutenberg_show_text_before_share":"","sfsi_plus_gutenberg_icon_type":"","sfsi_plus_gutenberg_icon_alignemt":"","sfsi_plus_gutenburg_max_per_row":"","footnotes":""},"categories":[11],"tags":[],"class_list":["post-79336","post","type-post","status-publish","format-standard","has-post-thumbnail","hentry","category-politica"],"_links":{"self":[{"href":"https:\/\/www.caririemacao.com\/1\/wp-json\/wp\/v2\/posts\/79336","targetHints":{"allow":["GET"]}}],"collection":[{"href":"https:\/\/www.caririemacao.com\/1\/wp-json\/wp\/v2\/posts"}],"about":[{"href":"https:\/\/www.caririemacao.com\/1\/wp-json\/wp\/v2\/types\/post"}],"author":[{"embeddable":true,"href":"https:\/\/www.caririemacao.com\/1\/wp-json\/wp\/v2\/users\/1"}],"replies":[{"embeddable":true,"href":"https:\/\/www.caririemacao.com\/1\/wp-json\/wp\/v2\/comments?post=79336"}],"version-history":[{"count":1,"href":"https:\/\/www.caririemacao.com\/1\/wp-json\/wp\/v2\/posts\/79336\/revisions"}],"predecessor-version":[{"id":79338,"href":"https:\/\/www.caririemacao.com\/1\/wp-json\/wp\/v2\/posts\/79336\/revisions\/79338"}],"wp:featuredmedia":[{"embeddable":true,"href":"https:\/\/www.caririemacao.com\/1\/wp-json\/wp\/v2\/media\/21148"}],"wp:attachment":[{"href":"https:\/\/www.caririemacao.com\/1\/wp-json\/wp\/v2\/media?parent=79336"}],"wp:term":[{"taxonomy":"category","embeddable":true,"href":"https:\/\/www.caririemacao.com\/1\/wp-json\/wp\/v2\/categories?post=79336"},{"taxonomy":"post_tag","embeddable":true,"href":"https:\/\/www.caririemacao.com\/1\/wp-json\/wp\/v2\/tags?post=79336"}],"curies":[{"name":"wp","href":"https:\/\/api.w.org\/{rel}","templated":true}]}}