{"id":79370,"date":"2019-01-03T13:42:59","date_gmt":"2019-01-03T16:42:59","guid":{"rendered":"http:\/\/www.caririemacao.com\/1\/?p=79370"},"modified":"2019-01-03T13:42:59","modified_gmt":"2019-01-03T16:42:59","slug":"gurjao-comemorou-57-anos-de-emancipacao-politica-com-entrega-de-obras-ambulancia-e-shows-em-praca-publica","status":"publish","type":"post","link":"https:\/\/www.caririemacao.com\/1\/2019\/01\/03\/gurjao-comemorou-57-anos-de-emancipacao-politica-com-entrega-de-obras-ambulancia-e-shows-em-praca-publica\/","title":{"rendered":"Gurj\u00e3o comemorou 57 anos de emancipa\u00e7\u00e3o politica com entrega de obras , ambul\u00e2ncia e shows em pra\u00e7a publica."},"content":{"rendered":"<p><span style=\"font-family: 'Times New Roman', serif; font-size: 14pt;\">A cidade de Gurj\u00e3o no cariri Paraibano comemorou nesta ultima quarta (02) seus 57 anos de emancipa\u00e7\u00e3o politica, as comemora\u00e7\u00f5es alusivas a data teve inicio com uma alvorada com a filarm\u00f4nica Nossa Senhora do Ros\u00e1rio , as 08:00 aconteceu o tradicional hasteamentos dos pavilh\u00f5es na frente da igreja matriz da cidade com a presen\u00e7a do Prefeito Ronaldo Queiroz , a Vice Prefeita Tercia Borges , os Vereadores Junior Moraes , Diogo Coutinho , Niselma Martins e Elizete , e os Secret\u00e1rios(as) Jane Erika , Tiago Reis , Macielma Farias , Fabio Coutinho , Diego Coutinho , Bruna Moura e Orlando Junior , com as execu\u00e7\u00f5es dos hinos nacional e de Gurj\u00e3o foi executado filarm\u00f4nica Nossa Senhora do Ros\u00e1rio foi aberto oficialmente os 57 anos de Gurj\u00e3o.<\/span><\/p>\n<p><span style=\"font-family: 'Times New Roman', serif; font-size: 14pt;\">Em seguida foi celebrada pelo P\u00e1roco Cristino a missa em a\u00e7\u00e3o de gra\u00e7a ao aniversario da cidade com a presen\u00e7a do Prefeito , a vice , secret\u00e1rios e vereadores al\u00e9m de funcion\u00e1rios da Prefeitura , logo ap\u00f3s todos dirigiram-se para o novo centro administrativo Petr\u00f4nio Mathias Medeiros onde ato ecum\u00eanico com a presen\u00e7a dos familiares do homenageado<span class=\"Apple-converted-space\">\u00a0<\/span>\u00a0foi inaugurada oficialmente com o corte da faixa simb\u00f3lica pelo Prefeito Ronaldo , a vice Tercia Borges e o filho do homenageado Petr\u00f4nio Filho , com isso a popula\u00e7\u00e3o teve acesso ao novo pr\u00e9dio foi totalmente transformado e o Prefeito Ronaldo tamb\u00e9m entregou a secretaria de sa\u00fade uma nova ambul\u00e2ncia de emenda do Senador Raimundo Lira , ap\u00f3s inaugura\u00e7\u00e3o do novo pr\u00e9dio da Prefeitura o Prefeito Ronaldo esteve nos est\u00fadios da Gurj\u00e3o FM onde fez um balan\u00e7o de todas as a\u00e7\u00f5es do ano 2018 e metas para 2019 e encerrando a parte diurna da programa\u00e7\u00e3o dos 57 anos de Gurj\u00e3o realizou-se na casa do idoso a entrega de certificados e equipamentos de trabalho do curso de barbeiros e cabelereiros realizado pela assist\u00eancia social.<\/span><\/p>\n<p><span style=\"font-family: 'Times New Roman', serif; font-size: 14pt;\">Durante a noite foi a vez dos shows em pra\u00e7a publica em uma super estrutura se revezaram no palco a banda prata da casa Moleka Safada que trouxe o swing e musicas da atualidade e j\u00e1 passava das<span class=\"Apple-converted-space\">\u00a0<\/span>\u00a0primeiras horas do dia (03) quando a grande atra\u00e7\u00e3o da noite subiu ao palco Mara Pavanelly trouxe musicas atuais com mix de musicas que marcaram sua carreira por bandas antigas , um multid\u00e3o concentrou-se em pra\u00e7a publica para ver o show e plena uma quarta feira.<\/span><\/p>\n<p>&nbsp;<\/p>\n<p>Ascom<\/p>\n","protected":false},"excerpt":{"rendered":"<p>A cidade de Gurj\u00e3o no cariri Paraibano comemorou nesta ultima quarta (02) seus 57 anos de emancipa\u00e7\u00e3o politica, as comemora\u00e7\u00f5es alusivas a data teve inicio&hellip; <\/p>\n","protected":false},"author":1,"featured_media":79371,"comment_status":"closed","ping_status":"closed","sticky":false,"template":"","format":"standard","meta":{"sfsi_plus_gutenberg_text_before_share":"","sfsi_plus_gutenberg_show_text_before_share":"","sfsi_plus_gutenberg_icon_type":"","sfsi_plus_gutenberg_icon_alignemt":"","sfsi_plus_gutenburg_max_per_row":"","footnotes":""},"categories":[6,50],"tags":[],"class_list":["post-79370","post","type-post","status-publish","format-standard","has-post-thumbnail","hentry","category-cidades","category-destaque"],"_links":{"self":[{"href":"https:\/\/www.caririemacao.com\/1\/wp-json\/wp\/v2\/posts\/79370","targetHints":{"allow":["GET"]}}],"collection":[{"href":"https:\/\/www.caririemacao.com\/1\/wp-json\/wp\/v2\/posts"}],"about":[{"href":"https:\/\/www.caririemacao.com\/1\/wp-json\/wp\/v2\/types\/post"}],"author":[{"embeddable":true,"href":"https:\/\/www.caririemacao.com\/1\/wp-json\/wp\/v2\/users\/1"}],"replies":[{"embeddable":true,"href":"https:\/\/www.caririemacao.com\/1\/wp-json\/wp\/v2\/comments?post=79370"}],"version-history":[{"count":1,"href":"https:\/\/www.caririemacao.com\/1\/wp-json\/wp\/v2\/posts\/79370\/revisions"}],"predecessor-version":[{"id":79372,"href":"https:\/\/www.caririemacao.com\/1\/wp-json\/wp\/v2\/posts\/79370\/revisions\/79372"}],"wp:featuredmedia":[{"embeddable":true,"href":"https:\/\/www.caririemacao.com\/1\/wp-json\/wp\/v2\/media\/79371"}],"wp:attachment":[{"href":"https:\/\/www.caririemacao.com\/1\/wp-json\/wp\/v2\/media?parent=79370"}],"wp:term":[{"taxonomy":"category","embeddable":true,"href":"https:\/\/www.caririemacao.com\/1\/wp-json\/wp\/v2\/categories?post=79370"},{"taxonomy":"post_tag","embeddable":true,"href":"https:\/\/www.caririemacao.com\/1\/wp-json\/wp\/v2\/tags?post=79370"}],"curies":[{"name":"wp","href":"https:\/\/api.w.org\/{rel}","templated":true}]}}