{"id":79374,"date":"2019-01-03T13:47:05","date_gmt":"2019-01-03T16:47:05","guid":{"rendered":"http:\/\/www.caririemacao.com\/1\/?p=79374"},"modified":"2019-01-03T13:47:05","modified_gmt":"2019-01-03T16:47:05","slug":"festa-de-emancipacao-do-municipio-de-prata-sera-dia-07-de-janeiro","status":"publish","type":"post","link":"https:\/\/www.caririemacao.com\/1\/2019\/01\/03\/festa-de-emancipacao-do-municipio-de-prata-sera-dia-07-de-janeiro\/","title":{"rendered":"Festa de Emancipa\u00e7\u00e3o do Munic\u00edpio de Prata ser\u00e1 dia 07 de Janeiro"},"content":{"rendered":"<p>Prefeitura realiza dia 07 de Janeiro a comemora\u00e7\u00e3o \u00a0dos 60 anos de Emancipa\u00e7\u00e3o Politica do munic\u00edpio.<\/p>\n<div style=\"text-align: justify; color: #313131; font-family: 'Segoe UI', 'Segoe WP', Arial, sans-serif; font-size: 14px; margin-top: 15px; margin-bottom: 15px; box-sizing: border-box; background-color: white;\">A programa\u00e7\u00e3o come\u00e7ara as cinco da manha com uma alvorada; as oito horas da manh\u00e3 ter\u00e1 corridas j\u00e1 tradicionais do munic\u00edpio encerrando a programa\u00e7\u00e3o diurna com uma corrida de ciclismo as nove horas.<\/div>\n<div style=\"text-align: justify; color: #313131; font-family: 'Segoe UI', 'Segoe WP', Arial, sans-serif; font-size: 14px; margin-top: 15px; margin-bottom: 15px; box-sizing: border-box; background-color: white;\">A noite em pra\u00e7a p\u00fablica a festa come\u00e7a com DJ TREME TREME, em seguida a dupla Anny Monteiro &amp; Leyno Dickson, continuando\u00a0 se apresentar\u00e1 no palco Ronaldo Nogueira &amp; Forro Chamagado e encerrando a noite ser\u00e1 a vez do DJ Nandinho Souza.<\/div>\n<div style=\"text-align: justify; color: #313131; font-family: 'Segoe UI', 'Segoe WP', Arial, sans-serif; font-size: 14px; margin-top: 15px; margin-bottom: 15px; box-sizing: border-box; background-color: white;\">\u201cNosso munic\u00edpio estar\u00e1 fazendo 60 anos e temos que comemorar com festa e estaremos fazendo dentro das possibilidades uma linda festa\u201d, falou Junior Nobrega prefeito do munic\u00edpio.<\/div>\n<div><\/div>\n<div>Ascom\/Prata<\/div>\n","protected":false},"excerpt":{"rendered":"<p>Prefeitura realiza dia 07 de Janeiro a comemora\u00e7\u00e3o \u00a0dos 60 anos de Emancipa\u00e7\u00e3o Politica do munic\u00edpio. A programa\u00e7\u00e3o come\u00e7ara as cinco da manha com uma&hellip; <\/p>\n","protected":false},"author":1,"featured_media":27792,"comment_status":"closed","ping_status":"closed","sticky":false,"template":"","format":"standard","meta":{"sfsi_plus_gutenberg_text_before_share":"","sfsi_plus_gutenberg_show_text_before_share":"","sfsi_plus_gutenberg_icon_type":"","sfsi_plus_gutenberg_icon_alignemt":"","sfsi_plus_gutenburg_max_per_row":"","footnotes":""},"categories":[2],"tags":[],"class_list":["post-79374","post","type-post","status-publish","format-standard","has-post-thumbnail","hentry","category-geral"],"_links":{"self":[{"href":"https:\/\/www.caririemacao.com\/1\/wp-json\/wp\/v2\/posts\/79374","targetHints":{"allow":["GET"]}}],"collection":[{"href":"https:\/\/www.caririemacao.com\/1\/wp-json\/wp\/v2\/posts"}],"about":[{"href":"https:\/\/www.caririemacao.com\/1\/wp-json\/wp\/v2\/types\/post"}],"author":[{"embeddable":true,"href":"https:\/\/www.caririemacao.com\/1\/wp-json\/wp\/v2\/users\/1"}],"replies":[{"embeddable":true,"href":"https:\/\/www.caririemacao.com\/1\/wp-json\/wp\/v2\/comments?post=79374"}],"version-history":[{"count":1,"href":"https:\/\/www.caririemacao.com\/1\/wp-json\/wp\/v2\/posts\/79374\/revisions"}],"predecessor-version":[{"id":79375,"href":"https:\/\/www.caririemacao.com\/1\/wp-json\/wp\/v2\/posts\/79374\/revisions\/79375"}],"wp:featuredmedia":[{"embeddable":true,"href":"https:\/\/www.caririemacao.com\/1\/wp-json\/wp\/v2\/media\/27792"}],"wp:attachment":[{"href":"https:\/\/www.caririemacao.com\/1\/wp-json\/wp\/v2\/media?parent=79374"}],"wp:term":[{"taxonomy":"category","embeddable":true,"href":"https:\/\/www.caririemacao.com\/1\/wp-json\/wp\/v2\/categories?post=79374"},{"taxonomy":"post_tag","embeddable":true,"href":"https:\/\/www.caririemacao.com\/1\/wp-json\/wp\/v2\/tags?post=79374"}],"curies":[{"name":"wp","href":"https:\/\/api.w.org\/{rel}","templated":true}]}}