{"id":79377,"date":"2019-01-03T13:54:55","date_gmt":"2019-01-03T16:54:55","guid":{"rendered":"http:\/\/www.caririemacao.com\/1\/?p=79377"},"modified":"2019-01-03T13:54:55","modified_gmt":"2019-01-03T16:54:55","slug":"bolsonaro-reune-ministros-em-primeira-reuniao-depois-da-posse","status":"publish","type":"post","link":"https:\/\/www.caririemacao.com\/1\/2019\/01\/03\/bolsonaro-reune-ministros-em-primeira-reuniao-depois-da-posse\/","title":{"rendered":"Bolsonaro re\u00fane ministros em primeira reuni\u00e3o depois da posse"},"content":{"rendered":"<p>O presidente Jair Bolsonaro deu in\u00edcio, \u00e0s 9h20 desta quinta-feira (3), \u00e0 primeira reuni\u00e3o ministerial de sua equipe desde que tomou posse, em 1\u00ba\u00a0de janeiro.<\/p>\n<p>No Pal\u00e1cio do Planalto, Bolsonaro reuniu o chamado Conselho do Governo, formado pelos 22 ministros -indicado para o Banco Central, Roberto Campos Neto ainda precisa ser aprovado pelo Senado para ganhar o status de chefe da pasta-,\u00a0al\u00e9m do vice-presidente, general Hamilton Mour\u00e3o.<\/p>\n<p>O objetivo do encontro \u00e9 discutir as primeiras medidas de sua gest\u00e3o. Reuni\u00f5es de mesmo porte devem se repetir semanalmente.<\/p>\n<p>A expectativa era que houvesse transmiss\u00e3o da fala inicial do presidente, seguida por uma entrevista coletiva a jornalistas com o balan\u00e7o do encontro. A reuni\u00e3o, por\u00e9m, come\u00e7ou fechada.<\/p>\n<p>Segundo integrantes do novo governo, Bolsonaro deve debater a eventual exonera\u00e7\u00e3o de servidores vinculados aos governos petistas, al\u00e9m de medidas priorit\u00e1rias de cada pasta da Esplanada.<\/p>\n<p>Na manh\u00e3 de quarta-feira (2), o ministro da Casa Civil, Onyx Lorenzoni, anunciou que o Planalto prepara um pacote das primeiras medidas, incluindo iniciativas para est\u00edmulo da economia.<\/p>\n<p>Segundo Onyx, ser\u00e3o 50 atos apresentados ao presidente para a elabora\u00e7\u00e3o de um cronograma de an\u00fancios nos pr\u00f3ximos dias. O ministro ressaltou que as primeiras medidas podem ser tornadas p\u00fablicas at\u00e9 o fim desta semana, ou ainda no in\u00edcio da pr\u00f3xima.<\/p>\n<p>\u201cN\u00f3s vamos concluir a totaliza\u00e7\u00e3o das mais de 50 medidas e propostas. N\u00f3s vamos levar a ele [Jair Bolsonaro] para que comece a montar o cronograma que vamos fazer\u201d, disse Onyx ap\u00f3s tomar posse nesta quarta.<\/p>\n<p>Uma das iniciativa \u00e9 o decreto de facilita\u00e7\u00e3o do porte de armas, que est\u00e1 sendo elaborado pelo ministro da Justi\u00e7a, Sergio Moro. Ele foi anunciado pelo novo presidente no final do ano passado.<\/p>\n<p>Onyx tamb\u00e9m disse que levar\u00e1 ao encontro a sugest\u00e3o de todas as pastas exonerarem os funcion\u00e1rios em cargos de confian\u00e7a que foram contratados pelas gest\u00f5es de Luiz In\u00e1cio Lula da Silva e Dilma Rousseff, do PT.<\/p>\n<p>Nesta quinta-feira (3), cerca de 320 servidores comissionados da Casa Civil devem ser exonerados.<\/p>\n<p>Eles ser\u00e3o submetidos a uma esp\u00e9cie de avalia\u00e7\u00e3o para definir se ser\u00e3o recontratados para os postos.<\/p>\n<p>\u201cPara n\u00e3o sair ca\u00e7ando bruxa, a gente exonera e depois conversa. N\u00f3s vamos despetizar o Brasil\u201d, afirmou, lembrando que a iniciativa foi uma promessa de campanha eleitoral.<\/p>\n<p>&nbsp;<\/p>\n<p>FolhaPress<\/p>\n","protected":false},"excerpt":{"rendered":"<p>O presidente Jair Bolsonaro deu in\u00edcio, \u00e0s 9h20 desta quinta-feira (3), \u00e0 primeira reuni\u00e3o ministerial de sua equipe desde que tomou posse, em 1\u00ba\u00a0de janeiro.&hellip; <\/p>\n","protected":false},"author":1,"featured_media":79379,"comment_status":"closed","ping_status":"closed","sticky":false,"template":"","format":"standard","meta":{"sfsi_plus_gutenberg_text_before_share":"","sfsi_plus_gutenberg_show_text_before_share":"","sfsi_plus_gutenberg_icon_type":"","sfsi_plus_gutenberg_icon_alignemt":"","sfsi_plus_gutenburg_max_per_row":"","footnotes":""},"categories":[11],"tags":[],"class_list":["post-79377","post","type-post","status-publish","format-standard","has-post-thumbnail","hentry","category-politica"],"_links":{"self":[{"href":"https:\/\/www.caririemacao.com\/1\/wp-json\/wp\/v2\/posts\/79377","targetHints":{"allow":["GET"]}}],"collection":[{"href":"https:\/\/www.caririemacao.com\/1\/wp-json\/wp\/v2\/posts"}],"about":[{"href":"https:\/\/www.caririemacao.com\/1\/wp-json\/wp\/v2\/types\/post"}],"author":[{"embeddable":true,"href":"https:\/\/www.caririemacao.com\/1\/wp-json\/wp\/v2\/users\/1"}],"replies":[{"embeddable":true,"href":"https:\/\/www.caririemacao.com\/1\/wp-json\/wp\/v2\/comments?post=79377"}],"version-history":[{"count":1,"href":"https:\/\/www.caririemacao.com\/1\/wp-json\/wp\/v2\/posts\/79377\/revisions"}],"predecessor-version":[{"id":79380,"href":"https:\/\/www.caririemacao.com\/1\/wp-json\/wp\/v2\/posts\/79377\/revisions\/79380"}],"wp:featuredmedia":[{"embeddable":true,"href":"https:\/\/www.caririemacao.com\/1\/wp-json\/wp\/v2\/media\/79379"}],"wp:attachment":[{"href":"https:\/\/www.caririemacao.com\/1\/wp-json\/wp\/v2\/media?parent=79377"}],"wp:term":[{"taxonomy":"category","embeddable":true,"href":"https:\/\/www.caririemacao.com\/1\/wp-json\/wp\/v2\/categories?post=79377"},{"taxonomy":"post_tag","embeddable":true,"href":"https:\/\/www.caririemacao.com\/1\/wp-json\/wp\/v2\/tags?post=79377"}],"curies":[{"name":"wp","href":"https:\/\/api.w.org\/{rel}","templated":true}]}}