{"id":79381,"date":"2019-01-03T14:01:50","date_gmt":"2019-01-03T17:01:50","guid":{"rendered":"http:\/\/www.caririemacao.com\/1\/?p=79381"},"modified":"2019-01-03T14:01:50","modified_gmt":"2019-01-03T17:01:50","slug":"energisa-explica-reducao-da-tarifa-a-consumidores-de-baixa-renda-na-paraiba","status":"publish","type":"post","link":"https:\/\/www.caririemacao.com\/1\/2019\/01\/03\/energisa-explica-reducao-da-tarifa-a-consumidores-de-baixa-renda-na-paraiba\/","title":{"rendered":"Energisa explica redu\u00e7\u00e3o da tarifa a consumidores de baixa renda na Para\u00edba"},"content":{"rendered":"<p>A coordenadora de servi\u00e7os comerciais da Energisa, Andreia Ara\u00fajo, comentou como ser\u00e1 estabelecida a incorpora\u00e7\u00e3o do decreto do governador Jo\u00e3o Azev\u00eado (PSB) para reduzir a tarifa na conta de energia para consumidores de baixa renda.<\/p>\n<div id=\"attachment_458527\" class=\"wp-caption aligncenter\"><img decoding=\"async\" class=\"wp-image-458527 size-full lazyload\" data-src=\"https:\/\/paraibaonline.com.br\/wp-content\/uploads\/2018\/07\/lampada-energia.jpg\" data-srcset=\"https:\/\/paraibaonline.com.br\/wp-content\/uploads\/2018\/07\/lampada-energia.jpg 780w, https:\/\/paraibaonline.com.br\/wp-content\/uploads\/2018\/07\/lampada-energia-567x361.jpg 567w\" alt=\"Foto ilustrativa: Reprodu\u00e7\u00e3o\/ Internet\" src=\"data:image\/svg+xml;base64,PHN2ZyB3aWR0aD0iMSIgaGVpZ2h0PSIxIiB4bWxucz0iaHR0cDovL3d3dy53My5vcmcvMjAwMC9zdmciPjwvc3ZnPg==\" \/><\/p>\n<p class=\"wp-caption-text\">Foto ilustrativa: Reprodu\u00e7\u00e3o<\/p>\n<\/div>\n<p>Segundo ela, a quantidade de clientes que t\u00eam esse benef\u00edcio ir\u00e1 aumentar de 72 mil para 211 mil.<\/p>\n<p>Andreia explicou que o cadastro dos benefici\u00e1rios no Cras deve estar regularizado e atualizado, bem como o cadastro na Energisa.<\/p>\n<p>Quem tem direito a esse benef\u00edcio s\u00e3o as pessoas que recebem meio sal\u00e1rio m\u00ednimo, Benef\u00edcio de Presta\u00e7\u00e3o Continuada e as pessoas portadoras de doen\u00e7as cadastradas no Cadastro \u00danico.<\/p>\n<p>&nbsp;<\/p>\n<p>R\u00e1dio Correio FM<\/p>\n","protected":false},"excerpt":{"rendered":"<p>A coordenadora de servi\u00e7os comerciais da Energisa, Andreia Ara\u00fajo, comentou como ser\u00e1 estabelecida a incorpora\u00e7\u00e3o do decreto do governador Jo\u00e3o Azev\u00eado (PSB) para reduzir a&hellip; <\/p>\n","protected":false},"author":1,"featured_media":69045,"comment_status":"closed","ping_status":"closed","sticky":false,"template":"","format":"standard","meta":{"sfsi_plus_gutenberg_text_before_share":"","sfsi_plus_gutenberg_show_text_before_share":"","sfsi_plus_gutenberg_icon_type":"","sfsi_plus_gutenberg_icon_alignemt":"","sfsi_plus_gutenburg_max_per_row":"","footnotes":""},"categories":[2],"tags":[],"class_list":["post-79381","post","type-post","status-publish","format-standard","has-post-thumbnail","hentry","category-geral"],"_links":{"self":[{"href":"https:\/\/www.caririemacao.com\/1\/wp-json\/wp\/v2\/posts\/79381","targetHints":{"allow":["GET"]}}],"collection":[{"href":"https:\/\/www.caririemacao.com\/1\/wp-json\/wp\/v2\/posts"}],"about":[{"href":"https:\/\/www.caririemacao.com\/1\/wp-json\/wp\/v2\/types\/post"}],"author":[{"embeddable":true,"href":"https:\/\/www.caririemacao.com\/1\/wp-json\/wp\/v2\/users\/1"}],"replies":[{"embeddable":true,"href":"https:\/\/www.caririemacao.com\/1\/wp-json\/wp\/v2\/comments?post=79381"}],"version-history":[{"count":1,"href":"https:\/\/www.caririemacao.com\/1\/wp-json\/wp\/v2\/posts\/79381\/revisions"}],"predecessor-version":[{"id":79382,"href":"https:\/\/www.caririemacao.com\/1\/wp-json\/wp\/v2\/posts\/79381\/revisions\/79382"}],"wp:featuredmedia":[{"embeddable":true,"href":"https:\/\/www.caririemacao.com\/1\/wp-json\/wp\/v2\/media\/69045"}],"wp:attachment":[{"href":"https:\/\/www.caririemacao.com\/1\/wp-json\/wp\/v2\/media?parent=79381"}],"wp:term":[{"taxonomy":"category","embeddable":true,"href":"https:\/\/www.caririemacao.com\/1\/wp-json\/wp\/v2\/categories?post=79381"},{"taxonomy":"post_tag","embeddable":true,"href":"https:\/\/www.caririemacao.com\/1\/wp-json\/wp\/v2\/tags?post=79381"}],"curies":[{"name":"wp","href":"https:\/\/api.w.org\/{rel}","templated":true}]}}