{"id":79444,"date":"2019-01-03T17:15:58","date_gmt":"2019-01-03T20:15:58","guid":{"rendered":"http:\/\/www.caririemacao.com\/1\/?p=79444"},"modified":"2019-01-03T17:15:58","modified_gmt":"2019-01-03T20:15:58","slug":"bolsonaro-altera-lei-e-retira-atribuicoes-do-conselho-de-seguranca-alimentar","status":"publish","type":"post","link":"https:\/\/www.caririemacao.com\/1\/2019\/01\/03\/bolsonaro-altera-lei-e-retira-atribuicoes-do-conselho-de-seguranca-alimentar\/","title":{"rendered":"Bolsonaro altera lei e retira atribui\u00e7\u00f5es do conselho de seguran\u00e7a alimentar"},"content":{"rendered":"<p class=\" \">O governador Jo\u00e3o Azev\u00eado promoveu, nesta quinta-feira (3), no audit\u00f3rio da Escola de Servi\u00e7o P\u00fablico do Estado da Para\u00edba (Espep), a primeira reuni\u00e3o com os secret\u00e1rios e dirigentes de \u00f3rg\u00e3os e estatais. Na oportunidade, o chefe do Executivo estadual solicitou aos auxiliares a apresenta\u00e7\u00e3o das metas de cada pasta para 2019 e apresentou o Sistema de Governan\u00e7a Eletr\u00f4nico que ser\u00e1 implementado, em breve, na Para\u00edba.<\/p>\n<p class=\" \">De acordo com o governador, os secret\u00e1rios t\u00eam at\u00e9 o dia 15 de janeiro para apresentar as a\u00e7\u00f5es que devem ser implementadas no Estado no decorrer deste ano.<u><\/u><u><\/u><\/p>\n<p class=\" \">\u201cA reuni\u00e3o teve o objetivo de estabelecer um prazo para que cada secret\u00e1rio possa apresentar, at\u00e9 o dia 15 de janeiro, as metas que vamos buscar em cada \u00e1rea para o ano de 2019. As metas devem ser divididas por cada trimestre para que n\u00f3s possamos acompanh\u00e1-las\u201d, explicou.<u><\/u><u><\/u><\/p>\n<p class=\" \">O gestor tamb\u00e9m evidenciou os avan\u00e7os que o Sistema de Governan\u00e7a Eletr\u00f4nico proporcionar\u00e1 para agilizar a tramita\u00e7\u00e3o de projetos no Governo do Estado. \u201cN\u00f3s vamos implantar esse sistema para o acompanhamento de todas as a\u00e7\u00f5es e projetos do governo. N\u00f3s tivemos a oportunidade de mostrar como \u00e9 f\u00e1cil acompanhar todas as etapas de um projeto se a gente utilizar uma ferramenta t\u00e3o bem desenvolvida como essa\u201d, destacou.<u><\/u><u><\/u><\/p>\n<p class=\" \">Na reuni\u00e3o, ele ainda falou sobre a elabora\u00e7\u00e3o do Plano Plurianual (PPA) que definir\u00e1 as a\u00e7\u00f5es do Governo entre os anos de 2020 e 2023. \u201cDentro dessa l\u00f3gica, n\u00f3s temos que estabelecer quais as prioridades para o Estado, o que n\u00f3s queremos para a Para\u00edba nos pr\u00f3ximos quatro anos e esse trabalho precisa come\u00e7ar j\u00e1 em 2019\u201d, observou.<u><\/u><u><\/u><\/p>\n<p class=\" \">Jo\u00e3o Azev\u00eado ainda anunciou para o dia 18 de janeiro, no Tribunal de Contas do Estado (TCE), a realiza\u00e7\u00e3o de um curso no qual os secret\u00e1rios ter\u00e3o a oportunidade de aprimorar o conhecimento sobre a operacionaliza\u00e7\u00e3o da m\u00e1quina p\u00fablica.<u><\/u><u><\/u><\/p>\n<p class=\" \">O secret\u00e1rio de Planejamento, Or\u00e7amento e Gest\u00e3o, Waldson Souza, afirmou que a reuni\u00e3o serviu para tra\u00e7ar as principais a\u00e7\u00f5es do governo para 2019. \u201cO governador orientou todo o grupo para a condu\u00e7\u00e3o dos primeiros atos de gest\u00e3o com rela\u00e7\u00e3o ao custeio, ao investimento e a todos os controles que a gest\u00e3o p\u00fablica precisa desenvolver, principalmente, nos primeiros meses de governo. Tamb\u00e9m estamos definindo as prioridades de obras que ser\u00e3o planejadas, inauguradas e licitadas\u201d, disse.<u><\/u><u><\/u><\/p>\n<p class=\" \">A secret\u00e1ria da Administra\u00e7\u00e3o, Liv\u00e2nia Farias, destacou o equil\u00edbrio financeiro do Estado que permitir\u00e1 a apresenta\u00e7\u00e3o, nos pr\u00f3ximos dias, das obras que ser\u00e3o executadas este ano. \u201cO nosso desafio \u00e9 seguir em frente. N\u00f3s conseguimos equilibrar e deixar dinheiro em caixa, o que fez a Para\u00edba ser destaque nacional\u201d, falou.<u><\/u><u><\/u><\/p>\n<p class=\" \"><strong>Pesar<\/strong> \u2013 Durante a reuni\u00e3o, o governador Jo\u00e3o Azev\u00eado lamentou profundamente a morte do vice-presidente da Junta Comercial do Estado da Para\u00edba (Jucep), Giuseppi Marconi Coutinho de Souza, v\u00edtima de um infarto nessa quarta-feira (2).<u><\/u><u><\/u><\/p>\n<p class=\" \">Ele destacou a amizade e os relevantes servi\u00e7os prestados por Giuseppi Marconi ao Estado e manifestou sua solidariedade \u00e0 fam\u00edlia.<\/p>\n<p class=\"noticia_fonte\">Secom-PB<\/p>\n","protected":false},"excerpt":{"rendered":"<p>O governador Jo\u00e3o Azev\u00eado promoveu, nesta quinta-feira (3), no audit\u00f3rio da Escola de Servi\u00e7o P\u00fablico do Estado da Para\u00edba (Espep), a primeira reuni\u00e3o com os&hellip; <\/p>\n","protected":false},"author":1,"featured_media":79446,"comment_status":"closed","ping_status":"closed","sticky":false,"template":"","format":"standard","meta":{"sfsi_plus_gutenberg_text_before_share":"","sfsi_plus_gutenberg_show_text_before_share":"","sfsi_plus_gutenberg_icon_type":"","sfsi_plus_gutenberg_icon_alignemt":"","sfsi_plus_gutenburg_max_per_row":"","footnotes":""},"categories":[11],"tags":[],"class_list":["post-79444","post","type-post","status-publish","format-standard","has-post-thumbnail","hentry","category-politica"],"_links":{"self":[{"href":"https:\/\/www.caririemacao.com\/1\/wp-json\/wp\/v2\/posts\/79444","targetHints":{"allow":["GET"]}}],"collection":[{"href":"https:\/\/www.caririemacao.com\/1\/wp-json\/wp\/v2\/posts"}],"about":[{"href":"https:\/\/www.caririemacao.com\/1\/wp-json\/wp\/v2\/types\/post"}],"author":[{"embeddable":true,"href":"https:\/\/www.caririemacao.com\/1\/wp-json\/wp\/v2\/users\/1"}],"replies":[{"embeddable":true,"href":"https:\/\/www.caririemacao.com\/1\/wp-json\/wp\/v2\/comments?post=79444"}],"version-history":[{"count":1,"href":"https:\/\/www.caririemacao.com\/1\/wp-json\/wp\/v2\/posts\/79444\/revisions"}],"predecessor-version":[{"id":79447,"href":"https:\/\/www.caririemacao.com\/1\/wp-json\/wp\/v2\/posts\/79444\/revisions\/79447"}],"wp:featuredmedia":[{"embeddable":true,"href":"https:\/\/www.caririemacao.com\/1\/wp-json\/wp\/v2\/media\/79446"}],"wp:attachment":[{"href":"https:\/\/www.caririemacao.com\/1\/wp-json\/wp\/v2\/media?parent=79444"}],"wp:term":[{"taxonomy":"category","embeddable":true,"href":"https:\/\/www.caririemacao.com\/1\/wp-json\/wp\/v2\/categories?post=79444"},{"taxonomy":"post_tag","embeddable":true,"href":"https:\/\/www.caririemacao.com\/1\/wp-json\/wp\/v2\/tags?post=79444"}],"curies":[{"name":"wp","href":"https:\/\/api.w.org\/{rel}","templated":true}]}}