{"id":79448,"date":"2019-01-03T17:45:27","date_gmt":"2019-01-03T20:45:27","guid":{"rendered":"http:\/\/www.caririemacao.com\/1\/?p=79448"},"modified":"2019-01-03T17:45:27","modified_gmt":"2019-01-03T20:45:27","slug":"cadeiras-vermelhas-sao-retiradas-e-trocadas-por-azuis-no-alvorada","status":"publish","type":"post","link":"https:\/\/www.caririemacao.com\/1\/2019\/01\/03\/cadeiras-vermelhas-sao-retiradas-e-trocadas-por-azuis-no-alvorada\/","title":{"rendered":"Cadeiras vermelhas s\u00e3o retiradas e trocadas por azuis no Alvorada"},"content":{"rendered":"<p style=\"margin: 0px 0px 30px; color: #484848; text-transform: none; text-indent: 0px; letter-spacing: normal; font-family: 'Open Sans', sans-serif; font-size: 20px; font-style: normal; font-weight: normal; word-spacing: 0px; white-space: normal; box-sizing: border-box; orphans: 2; widows: 2; background-color: #ffffff; font-variant-ligatures: normal; font-variant-caps: normal; -webkit-text-stroke-width: 0px; text-decoration-style: initial; text-decoration-color: initial;\">No dia em que se muda com a fam\u00edlia para o Alvorada, na Capital Federal, o presidente Jair Bolsonaro n\u00e3o ver\u00e1 mais no pal\u00e1cio algumas dezenas de cadeiras vermelhas, trocadas por modelos similares, por\u00e9m da cor azul. A mudan\u00e7a foi flagrada por fot\u00f3grafos do jornal O Globo.<\/p>\n<p style=\"margin: 0px 0px 30px; color: #484848; text-transform: none; text-indent: 0px; letter-spacing: normal; font-family: 'Open Sans', sans-serif; font-size: 20px; font-style: normal; font-weight: normal; word-spacing: 0px; white-space: normal; box-sizing: border-box; orphans: 2; widows: 2; background-color: #ffffff; font-variant-ligatures: normal; font-variant-caps: normal; -webkit-text-stroke-width: 0px; text-decoration-style: initial; text-decoration-color: initial;\">Oficialmente, o governo n\u00e3o se pronunciou sobre o motivo da altera\u00e7\u00e3o da mob\u00edlia. Em diversas ocasi\u00f5es, por\u00e9m, Bolsonaro e aliados fazem men\u00e7\u00e3o negativa ao vermelho por ser esta a cor vinculada a movimentos e sistemas de esquerda.<\/p>\n<div id=\"vidoomy\" style=\"color: #484848; text-transform: none; text-indent: 0px; letter-spacing: normal; font-family: 'Open Sans', sans-serif; font-size: 20px; font-style: normal; font-weight: normal; word-spacing: 0px; white-space: normal; box-sizing: border-box; orphans: 2; widows: 2; background-color: #ffffff; font-variant-ligatures: normal; font-variant-caps: normal; -webkit-text-stroke-width: 0px; text-decoration-style: initial; text-decoration-color: initial;\"><\/div>\n<p style=\"margin: 0px 0px 30px; color: #484848; text-transform: none; text-indent: 0px; letter-spacing: normal; font-family: 'Open Sans', sans-serif; font-size: 20px; font-style: normal; font-weight: normal; word-spacing: 0px; white-space: normal; box-sizing: border-box; orphans: 2; widows: 2; background-color: #ffffff; font-variant-ligatures: normal; font-variant-caps: normal; -webkit-text-stroke-width: 0px; text-decoration-style: initial; text-decoration-color: initial;\">No dia da posse, por exemplo, o presidente disse que a bandeira do Brasil jamais ser\u00e1 vermelha. No ano passado, em manifesta\u00e7\u00e3o, afirmou que iria varrer o pa\u00eds dos vermelhos.<\/p>\n","protected":false},"excerpt":{"rendered":"<p>No dia em que se muda com a fam\u00edlia para o Alvorada, na Capital Federal, o presidente Jair Bolsonaro n\u00e3o ver\u00e1 mais no pal\u00e1cio algumas&hellip; <\/p>\n","protected":false},"author":1,"featured_media":79449,"comment_status":"closed","ping_status":"closed","sticky":false,"template":"","format":"standard","meta":{"sfsi_plus_gutenberg_text_before_share":"","sfsi_plus_gutenberg_show_text_before_share":"","sfsi_plus_gutenberg_icon_type":"","sfsi_plus_gutenberg_icon_alignemt":"","sfsi_plus_gutenburg_max_per_row":"","footnotes":""},"categories":[11],"tags":[],"class_list":["post-79448","post","type-post","status-publish","format-standard","has-post-thumbnail","hentry","category-politica"],"_links":{"self":[{"href":"https:\/\/www.caririemacao.com\/1\/wp-json\/wp\/v2\/posts\/79448","targetHints":{"allow":["GET"]}}],"collection":[{"href":"https:\/\/www.caririemacao.com\/1\/wp-json\/wp\/v2\/posts"}],"about":[{"href":"https:\/\/www.caririemacao.com\/1\/wp-json\/wp\/v2\/types\/post"}],"author":[{"embeddable":true,"href":"https:\/\/www.caririemacao.com\/1\/wp-json\/wp\/v2\/users\/1"}],"replies":[{"embeddable":true,"href":"https:\/\/www.caririemacao.com\/1\/wp-json\/wp\/v2\/comments?post=79448"}],"version-history":[{"count":1,"href":"https:\/\/www.caririemacao.com\/1\/wp-json\/wp\/v2\/posts\/79448\/revisions"}],"predecessor-version":[{"id":79450,"href":"https:\/\/www.caririemacao.com\/1\/wp-json\/wp\/v2\/posts\/79448\/revisions\/79450"}],"wp:featuredmedia":[{"embeddable":true,"href":"https:\/\/www.caririemacao.com\/1\/wp-json\/wp\/v2\/media\/79449"}],"wp:attachment":[{"href":"https:\/\/www.caririemacao.com\/1\/wp-json\/wp\/v2\/media?parent=79448"}],"wp:term":[{"taxonomy":"category","embeddable":true,"href":"https:\/\/www.caririemacao.com\/1\/wp-json\/wp\/v2\/categories?post=79448"},{"taxonomy":"post_tag","embeddable":true,"href":"https:\/\/www.caririemacao.com\/1\/wp-json\/wp\/v2\/tags?post=79448"}],"curies":[{"name":"wp","href":"https:\/\/api.w.org\/{rel}","templated":true}]}}