{"id":79463,"date":"2019-01-03T22:38:29","date_gmt":"2019-01-04T01:38:29","guid":{"rendered":"http:\/\/www.caririemacao.com\/1\/?p=79463"},"modified":"2019-01-04T13:17:45","modified_gmt":"2019-01-04T16:17:45","slug":"eclipse-total-de-superlua-acontece-na-noite-de-20-para-21-de-janeiro","status":"publish","type":"post","link":"https:\/\/www.caririemacao.com\/1\/2019\/01\/03\/eclipse-total-de-superlua-acontece-na-noite-de-20-para-21-de-janeiro\/","title":{"rendered":"Eclipse total de Superlua acontece na noite de 20 para 21 de janeiro"},"content":{"rendered":"<div class=\"space-20\">O primeiro eclipse total do ano vai acontecer j\u00e1 na noite do dia 20 para 21 de janeiro e poder\u00e1 ser visto do Brasil. Al\u00e9m de estar mais perto da Terra e, por isso, parecer maior do que o habitual, a Lua deve ficar com um tom avermelhado, o que faz com que o fen\u00f4meno seja apelidado de \u201cSuperlua de sangue\u201d.<\/div>\n<div class=\"conteudo-noticia\">\n<div class=\"green-area t-left t-cont text-center\">\n<div class=\"anuncio\">\n<div id=\"div-gpt-ad-1493386374551-0\" data-google-query-id=\"CM6Lxczs0t8CFU56wQodUa8DXw\">\n<div id=\"google_ads_iframe_\/21685702823\/New_Sec_Conteudo_0__container__\">O melhor momento para observar o eclipse ser\u00e1 \u00e0s 3h12 (de Bras\u00edlia) do dia 21 de janeiro. Habitantes da Am\u00e9rica do Norte, Am\u00e9rica do Sul, Europa Ocidental e \u00c1frica poder\u00e3o apreciar o fen\u00f4meno.<\/div>\n<\/div>\n<\/div>\n<\/div>\n<p>Como explica a astr\u00f4noma Pamela Gay ao portal \u2018Space.com\u2019, a cor avermelhada \u00e9 um reflexo da atmosfera terrestre. \u201cUma Lua de cor de sangue \u00e9 criada pelas cinzas de inc\u00eandios e vulc\u00f5es, tempestades de poeira e polui\u00e7\u00e3o, que s\u00e3o filtrados pela luz solar enquanto se dissipam\u201d.<\/p>\n<\/div>\n","protected":false},"excerpt":{"rendered":"<p>O primeiro eclipse total do ano vai acontecer j\u00e1 na noite do dia 20 para 21 de janeiro e poder\u00e1 ser visto do Brasil. Al\u00e9m&hellip; <\/p>\n","protected":false},"author":1,"featured_media":79464,"comment_status":"closed","ping_status":"closed","sticky":false,"template":"","format":"standard","meta":{"sfsi_plus_gutenberg_text_before_share":"","sfsi_plus_gutenberg_show_text_before_share":"","sfsi_plus_gutenberg_icon_type":"","sfsi_plus_gutenberg_icon_alignemt":"","sfsi_plus_gutenburg_max_per_row":"","footnotes":""},"categories":[2],"tags":[],"class_list":["post-79463","post","type-post","status-publish","format-standard","has-post-thumbnail","hentry","category-geral"],"_links":{"self":[{"href":"https:\/\/www.caririemacao.com\/1\/wp-json\/wp\/v2\/posts\/79463","targetHints":{"allow":["GET"]}}],"collection":[{"href":"https:\/\/www.caririemacao.com\/1\/wp-json\/wp\/v2\/posts"}],"about":[{"href":"https:\/\/www.caririemacao.com\/1\/wp-json\/wp\/v2\/types\/post"}],"author":[{"embeddable":true,"href":"https:\/\/www.caririemacao.com\/1\/wp-json\/wp\/v2\/users\/1"}],"replies":[{"embeddable":true,"href":"https:\/\/www.caririemacao.com\/1\/wp-json\/wp\/v2\/comments?post=79463"}],"version-history":[{"count":2,"href":"https:\/\/www.caririemacao.com\/1\/wp-json\/wp\/v2\/posts\/79463\/revisions"}],"predecessor-version":[{"id":79534,"href":"https:\/\/www.caririemacao.com\/1\/wp-json\/wp\/v2\/posts\/79463\/revisions\/79534"}],"wp:featuredmedia":[{"embeddable":true,"href":"https:\/\/www.caririemacao.com\/1\/wp-json\/wp\/v2\/media\/79464"}],"wp:attachment":[{"href":"https:\/\/www.caririemacao.com\/1\/wp-json\/wp\/v2\/media?parent=79463"}],"wp:term":[{"taxonomy":"category","embeddable":true,"href":"https:\/\/www.caririemacao.com\/1\/wp-json\/wp\/v2\/categories?post=79463"},{"taxonomy":"post_tag","embeddable":true,"href":"https:\/\/www.caririemacao.com\/1\/wp-json\/wp\/v2\/tags?post=79463"}],"curies":[{"name":"wp","href":"https:\/\/api.w.org\/{rel}","templated":true}]}}