{"id":79467,"date":"2019-01-04T07:59:35","date_gmt":"2019-01-04T10:59:35","guid":{"rendered":"http:\/\/www.caririemacao.com\/1\/?p=79467"},"modified":"2019-01-04T07:59:35","modified_gmt":"2019-01-04T10:59:35","slug":"homem-morre-vitima-de-descarga-eletrica-no-sertao","status":"publish","type":"post","link":"https:\/\/www.caririemacao.com\/1\/2019\/01\/04\/homem-morre-vitima-de-descarga-eletrica-no-sertao\/","title":{"rendered":"Homem morre v\u00edtima de descarga el\u00e9trica no Sert\u00e3o"},"content":{"rendered":"<p><!------------------->\u00a0\u00a0\u00a0\u00a0\u00a0\u00a0\u00a0<!--banner-editoria-->\u00a0\u00a0\u00a0\u00a0\u00a0\u00a0\u00a0<!------------------->\u00a0\u00a0\u00a0\u00a0\u00a0\u00a0\u00a0\u00a0\u00a0\u00a0\u00a0\u00a0\u00a0<!------------------->\u00a0\u00a0\u00a0\u00a0\u00a0\u00a0\u00a0<!-------fim--------->\u00a0\u00a0\u00a0\u00a0\u00a0\u00a0\u00a0<!------------------->\u00a0\u00a0\u00a0\u00a0\u00a0\u00a0\u00a0<!--conte\u00fado--><\/p>\n<div class=\"content\">\n<p>Um homem morreu v\u00edtima de uma descarga el\u00e9trica no munic\u00edpio de Cacimbas, no Sert\u00e3o paraibano.<\/p>\n<p>Ele estava fazendo a limpeza de uma caixa d\u2019\u00e1gua quando tocou em fios e sofreu a descarga. O impacto foi t\u00e3o grande que a v\u00edtima foi arremessada para o solo.<\/p>\n<p>Familiares ainda chamaram uma pessoa com t\u00e9cnica em primeiros socorros, mas v\u00edtima n\u00e3o resistiu e morreu no local.<\/p>\n<p>O corpo foi encaminhado para o Numol da cidade de Patos.<\/p>\n<p>&nbsp;<\/p>\n<p>TV Itarar\u00e9.<\/p>\n<\/div>\n","protected":false},"excerpt":{"rendered":"<p>\u00a0\u00a0\u00a0\u00a0\u00a0\u00a0\u00a0\u00a0\u00a0\u00a0\u00a0\u00a0\u00a0\u00a0\u00a0\u00a0\u00a0\u00a0\u00a0\u00a0\u00a0\u00a0\u00a0\u00a0\u00a0\u00a0\u00a0\u00a0\u00a0\u00a0\u00a0\u00a0\u00a0\u00a0\u00a0\u00a0\u00a0\u00a0\u00a0\u00a0\u00a0\u00a0\u00a0\u00a0\u00a0\u00a0\u00a0\u00a0 Um homem morreu v\u00edtima de uma descarga el\u00e9trica no munic\u00edpio de Cacimbas, no Sert\u00e3o paraibano. Ele estava fazendo a limpeza de uma caixa d\u2019\u00e1gua&hellip; <\/p>\n","protected":false},"author":1,"featured_media":79468,"comment_status":"closed","ping_status":"closed","sticky":false,"template":"","format":"standard","meta":{"sfsi_plus_gutenberg_text_before_share":"","sfsi_plus_gutenberg_show_text_before_share":"","sfsi_plus_gutenberg_icon_type":"","sfsi_plus_gutenberg_icon_alignemt":"","sfsi_plus_gutenburg_max_per_row":"","footnotes":""},"categories":[12],"tags":[],"class_list":["post-79467","post","type-post","status-publish","format-standard","has-post-thumbnail","hentry","category-policia"],"_links":{"self":[{"href":"https:\/\/www.caririemacao.com\/1\/wp-json\/wp\/v2\/posts\/79467","targetHints":{"allow":["GET"]}}],"collection":[{"href":"https:\/\/www.caririemacao.com\/1\/wp-json\/wp\/v2\/posts"}],"about":[{"href":"https:\/\/www.caririemacao.com\/1\/wp-json\/wp\/v2\/types\/post"}],"author":[{"embeddable":true,"href":"https:\/\/www.caririemacao.com\/1\/wp-json\/wp\/v2\/users\/1"}],"replies":[{"embeddable":true,"href":"https:\/\/www.caririemacao.com\/1\/wp-json\/wp\/v2\/comments?post=79467"}],"version-history":[{"count":1,"href":"https:\/\/www.caririemacao.com\/1\/wp-json\/wp\/v2\/posts\/79467\/revisions"}],"predecessor-version":[{"id":79469,"href":"https:\/\/www.caririemacao.com\/1\/wp-json\/wp\/v2\/posts\/79467\/revisions\/79469"}],"wp:featuredmedia":[{"embeddable":true,"href":"https:\/\/www.caririemacao.com\/1\/wp-json\/wp\/v2\/media\/79468"}],"wp:attachment":[{"href":"https:\/\/www.caririemacao.com\/1\/wp-json\/wp\/v2\/media?parent=79467"}],"wp:term":[{"taxonomy":"category","embeddable":true,"href":"https:\/\/www.caririemacao.com\/1\/wp-json\/wp\/v2\/categories?post=79467"},{"taxonomy":"post_tag","embeddable":true,"href":"https:\/\/www.caririemacao.com\/1\/wp-json\/wp\/v2\/tags?post=79467"}],"curies":[{"name":"wp","href":"https:\/\/api.w.org\/{rel}","templated":true}]}}