{"id":79470,"date":"2019-01-04T08:02:11","date_gmt":"2019-01-04T11:02:11","guid":{"rendered":"http:\/\/www.caririemacao.com\/1\/?p=79470"},"modified":"2019-01-04T08:02:11","modified_gmt":"2019-01-04T11:02:11","slug":"campinense-acerta-com-lateral-que-passou-pelo-treze-recentemente","status":"publish","type":"post","link":"https:\/\/www.caririemacao.com\/1\/2019\/01\/04\/campinense-acerta-com-lateral-que-passou-pelo-treze-recentemente\/","title":{"rendered":"Campinense acerta com lateral que passou pelo Treze recentemente"},"content":{"rendered":"<p><!------------------->\u00a0\u00a0\u00a0\u00a0\u00a0\u00a0\u00a0<!--banner-editoria-->\u00a0\u00a0\u00a0\u00a0\u00a0\u00a0\u00a0<!------------------->\u00a0\u00a0\u00a0\u00a0\u00a0\u00a0\u00a0\u00a0\u00a0\u00a0\u00a0\u00a0\u00a0<!------------------->\u00a0\u00a0\u00a0\u00a0\u00a0\u00a0\u00a0<!-------fim--------->\u00a0\u00a0\u00a0\u00a0\u00a0\u00a0\u00a0<!------------------->\u00a0\u00a0\u00a0\u00a0\u00a0\u00a0\u00a0\u00a0\u00a0\u00a0\u00a0\u00a0<!--conte\u00fado--><\/p>\n<div class=\"content\">\n<p>Em fase final de prepara\u00e7\u00e3o para o Campeonato Paraibano de 2019, o Campinense deve anunciar mais uma contrata\u00e7\u00e3o nesta sexta-feira (04). Trata-se do lateral esquerdo Jo\u00e3o Victor, de 23 anos, que estava na Tuna Luso-PA e j\u00e1 vestiu a camisa do Treze.<\/p>\n<p>Assim como o atacante Chaveirinho, apresentado na quarta-feira pela Raposa, o novo refor\u00e7o rubro-negro recentemente estava disputando a segunda divis\u00e3o do Campeonato Paraense.<\/p>\n<div id=\"attachment_555099\" class=\"wp-caption alignnone\"><img decoding=\"async\" class=\"wp-image-555099 size-full lazyload\" data-src=\"https:\/\/paraibaonline.com.br\/wp-content\/uploads\/2019\/01\/JoaoVictor_AscomTuna.jpg\" data-srcset=\"https:\/\/paraibaonline.com.br\/wp-content\/uploads\/2019\/01\/JoaoVictor_AscomTuna.jpg 640w, https:\/\/paraibaonline.com.br\/wp-content\/uploads\/2019\/01\/JoaoVictor_AscomTuna-567x377.jpg 567w\" alt=\"\" src=\"data:image\/svg+xml;base64,PHN2ZyB3aWR0aD0iMSIgaGVpZ2h0PSIxIiB4bWxucz0iaHR0cDovL3d3dy53My5vcmcvMjAwMC9zdmciPjwvc3ZnPg==\" \/><\/p>\n<p class=\"wp-caption-text\">Foto: Ascom \/ Tuna Luso Brasileira<\/p>\n<\/div>\n<p>Jo\u00e3o Victor, inclusive, chegou a ser monitorado pelo Remo, rival da Tuna em Bel\u00e9m, mas a negocia\u00e7\u00e3o n\u00e3o avan\u00e7ou.<\/p>\n<p>O lateral esquerdo atuou pelo Treze no Paraibano de 2016 e chegou a enfrentar o Campinense, que na \u00e9poca era comandado por Francisco Di\u00e1, atual treinador raposeiro.<\/p>\n<p>A nova contrata\u00e7\u00e3o da Raposa est\u00e1 sendo aguardada em Campina Grande e s\u00f3 deve ser apresentada oficialmente pelo clube neste s\u00e1bado (05), v\u00e9spera do \u00faltimo amistoso preparat\u00f3rio da equipe antes do Paraibano 2019.<\/p>\n<p>No domingo (06), \u00e0s 16h, no Amig\u00e3o, o Rubro-Negro recebe o Central de Caruaru.<\/p>\n<p>A estreia do time no estadual est\u00e1 marcada para o dia 13, \u00e0s 17h, no Sert\u00e3o, contra o Sousa.<\/p>\n<\/div>\n","protected":false},"excerpt":{"rendered":"<p>\u00a0\u00a0\u00a0\u00a0\u00a0\u00a0\u00a0\u00a0\u00a0\u00a0\u00a0\u00a0\u00a0\u00a0\u00a0\u00a0\u00a0\u00a0\u00a0\u00a0\u00a0\u00a0\u00a0\u00a0\u00a0\u00a0\u00a0\u00a0\u00a0\u00a0\u00a0\u00a0\u00a0\u00a0\u00a0\u00a0\u00a0\u00a0\u00a0\u00a0\u00a0\u00a0\u00a0\u00a0\u00a0\u00a0\u00a0\u00a0\u00a0\u00a0\u00a0\u00a0\u00a0 Em fase final de prepara\u00e7\u00e3o para o Campeonato Paraibano de 2019, o Campinense deve anunciar mais uma contrata\u00e7\u00e3o nesta sexta-feira (04). Trata-se do lateral&hellip; <\/p>\n","protected":false},"author":1,"featured_media":79471,"comment_status":"closed","ping_status":"closed","sticky":false,"template":"","format":"standard","meta":{"sfsi_plus_gutenberg_text_before_share":"","sfsi_plus_gutenberg_show_text_before_share":"","sfsi_plus_gutenberg_icon_type":"","sfsi_plus_gutenberg_icon_alignemt":"","sfsi_plus_gutenburg_max_per_row":"","footnotes":""},"categories":[13],"tags":[],"class_list":["post-79470","post","type-post","status-publish","format-standard","has-post-thumbnail","hentry","category-esportes"],"_links":{"self":[{"href":"https:\/\/www.caririemacao.com\/1\/wp-json\/wp\/v2\/posts\/79470","targetHints":{"allow":["GET"]}}],"collection":[{"href":"https:\/\/www.caririemacao.com\/1\/wp-json\/wp\/v2\/posts"}],"about":[{"href":"https:\/\/www.caririemacao.com\/1\/wp-json\/wp\/v2\/types\/post"}],"author":[{"embeddable":true,"href":"https:\/\/www.caririemacao.com\/1\/wp-json\/wp\/v2\/users\/1"}],"replies":[{"embeddable":true,"href":"https:\/\/www.caririemacao.com\/1\/wp-json\/wp\/v2\/comments?post=79470"}],"version-history":[{"count":1,"href":"https:\/\/www.caririemacao.com\/1\/wp-json\/wp\/v2\/posts\/79470\/revisions"}],"predecessor-version":[{"id":79472,"href":"https:\/\/www.caririemacao.com\/1\/wp-json\/wp\/v2\/posts\/79470\/revisions\/79472"}],"wp:featuredmedia":[{"embeddable":true,"href":"https:\/\/www.caririemacao.com\/1\/wp-json\/wp\/v2\/media\/79471"}],"wp:attachment":[{"href":"https:\/\/www.caririemacao.com\/1\/wp-json\/wp\/v2\/media?parent=79470"}],"wp:term":[{"taxonomy":"category","embeddable":true,"href":"https:\/\/www.caririemacao.com\/1\/wp-json\/wp\/v2\/categories?post=79470"},{"taxonomy":"post_tag","embeddable":true,"href":"https:\/\/www.caririemacao.com\/1\/wp-json\/wp\/v2\/tags?post=79470"}],"curies":[{"name":"wp","href":"https:\/\/api.w.org\/{rel}","templated":true}]}}