{"id":79475,"date":"2019-01-04T08:05:47","date_gmt":"2019-01-04T11:05:47","guid":{"rendered":"http:\/\/www.caririemacao.com\/1\/?p=79475"},"modified":"2019-01-04T08:05:47","modified_gmt":"2019-01-04T11:05:47","slug":"acidente-na-br-230-deixa-duas-vitimas-fatais-e-uma-gravemente-ferida-entre-elas-o-irmao-de-vice-prefeito-de-olivedos","status":"publish","type":"post","link":"https:\/\/www.caririemacao.com\/1\/2019\/01\/04\/acidente-na-br-230-deixa-duas-vitimas-fatais-e-uma-gravemente-ferida-entre-elas-o-irmao-de-vice-prefeito-de-olivedos\/","title":{"rendered":"Acidente na BR-230 deixa duas v\u00edtimas fatais e uma gravemente ferida, entre elas, o irm\u00e3o de vice-prefeito de Olivedos"},"content":{"rendered":"<p>O ex-vereador Joaquim Ver\u00edssimo de Sousa, 70, conhecido como Quinca, que atualmente era motorista da Prefeitura morreu por volta das 19h30 da noite desta quinta-feira (3) em um grave acidente de carro, na BR-230, uma colis\u00e3o frontal com uma Hilux, pr\u00f3xima ao Caipir\u00e3o, perto do munic\u00edpio de Olivedos.<\/p>\n<p>Quinca voltava de Campina Grande para onde diariamente ia levar pacientes de Olivedos para serem atendidos nos hospitais e cl\u00ednicas m\u00e9dicas e o acidente aconteceu quando j\u00e1 estava bem pr\u00f3ximo de chegar ao munic\u00edpio.<\/p>\n<p>As causas do acidente ainda n\u00e3o foram esclarecidas, mas o ve\u00edculo ficou bastante destru\u00eddo.<\/p>\n<p>De acordo com informa\u00e7\u00f5es preliminares, no acidente morreu ele e uma das passageiras e a outra foi socorrida pelo Samu e est\u00e1 no Hospital de Trauma de Campina Grande.<\/p>\n<p>Neste momento, o clima na cidade \u00e9 de profundo pesar e surpresa para a popula\u00e7\u00e3o moradores que n\u00e3o acreditam na trag\u00e9dia ocorrida com dois moradores da cidade.<\/p>\n<p>Em instantes atualizamos as informa\u00e7\u00f5es.<\/p>\n<figure class=\"wp-block-image\"><img decoding=\"async\" class=\"wp-image-74053 lazyload\" data-src=\"http:\/\/paraibadebate.com.br\/wp-content\/uploads\/2019\/01\/WhatsApp-Image-2019-01-03-at-21.56.25-768x1024.jpeg\" data-sizes=\"(max-width: 709px) 85vw, (max-width: 909px) 67vw, (max-width: 984px) 61vw, (max-width: 1362px) 45vw, 600px\" data-srcset=\"http:\/\/paraibadebate.com.br\/wp-content\/uploads\/2019\/01\/WhatsApp-Image-2019-01-03-at-21.56.25-768x1024.jpeg 768w, http:\/\/paraibadebate.com.br\/wp-content\/uploads\/2019\/01\/WhatsApp-Image-2019-01-03-at-21.56.25-225x300.jpeg 225w, http:\/\/paraibadebate.com.br\/wp-content\/uploads\/2019\/01\/WhatsApp-Image-2019-01-03-at-21.56.25.jpeg 869w\" alt=\"\" src=\"data:image\/svg+xml;base64,PHN2ZyB3aWR0aD0iMSIgaGVpZ2h0PSIxIiB4bWxucz0iaHR0cDovL3d3dy53My5vcmcvMjAwMC9zdmciPjwvc3ZnPg==\" style=\"--smush-placeholder-width: 768px; --smush-placeholder-aspect-ratio: 768\/1024;\" \/><\/figure>\n<figure class=\"wp-block-image\"><img decoding=\"async\" class=\"wp-image-74054 lazyload\" data-src=\"http:\/\/paraibadebate.com.br\/wp-content\/uploads\/2019\/01\/WhatsApp-Image-2019-01-03-at-21.56.36-768x1024.jpeg\" data-sizes=\"(max-width: 709px) 85vw, (max-width: 909px) 67vw, (max-width: 984px) 61vw, (max-width: 1362px) 45vw, 600px\" data-srcset=\"http:\/\/paraibadebate.com.br\/wp-content\/uploads\/2019\/01\/WhatsApp-Image-2019-01-03-at-21.56.36-768x1024.jpeg 768w, http:\/\/paraibadebate.com.br\/wp-content\/uploads\/2019\/01\/WhatsApp-Image-2019-01-03-at-21.56.36-225x300.jpeg 225w, http:\/\/paraibadebate.com.br\/wp-content\/uploads\/2019\/01\/WhatsApp-Image-2019-01-03-at-21.56.36.jpeg 869w\" alt=\"\" src=\"data:image\/svg+xml;base64,PHN2ZyB3aWR0aD0iMSIgaGVpZ2h0PSIxIiB4bWxucz0iaHR0cDovL3d3dy53My5vcmcvMjAwMC9zdmciPjwvc3ZnPg==\" style=\"--smush-placeholder-width: 768px; --smush-placeholder-aspect-ratio: 768\/1024;\" \/><\/figure>\n<figure class=\"wp-block-image\"><img decoding=\"async\" class=\"wp-image-74055 lazyload\" data-src=\"http:\/\/paraibadebate.com.br\/wp-content\/uploads\/2019\/01\/WhatsApp-Image-2019-01-03-at-21.48.19.jpeg\" data-sizes=\"(max-width: 709px) 85vw, (max-width: 909px) 67vw, (max-width: 984px) 61vw, (max-width: 1362px) 45vw, 600px\" data-srcset=\"http:\/\/paraibadebate.com.br\/wp-content\/uploads\/2019\/01\/WhatsApp-Image-2019-01-03-at-21.48.19.jpeg 639w, http:\/\/paraibadebate.com.br\/wp-content\/uploads\/2019\/01\/WhatsApp-Image-2019-01-03-at-21.48.19-200x300.jpeg 200w\" alt=\"\" src=\"data:image\/svg+xml;base64,PHN2ZyB3aWR0aD0iMSIgaGVpZ2h0PSIxIiB4bWxucz0iaHR0cDovL3d3dy53My5vcmcvMjAwMC9zdmciPjwvc3ZnPg==\" \/><\/figure>\n","protected":false},"excerpt":{"rendered":"<p>O ex-vereador Joaquim Ver\u00edssimo de Sousa, 70, conhecido como Quinca, que atualmente era motorista da Prefeitura morreu por volta das 19h30 da noite desta quinta-feira&hellip; <\/p>\n","protected":false},"author":1,"featured_media":79476,"comment_status":"closed","ping_status":"closed","sticky":false,"template":"","format":"standard","meta":{"sfsi_plus_gutenberg_text_before_share":"","sfsi_plus_gutenberg_show_text_before_share":"","sfsi_plus_gutenberg_icon_type":"","sfsi_plus_gutenberg_icon_alignemt":"","sfsi_plus_gutenburg_max_per_row":"","footnotes":""},"categories":[12],"tags":[],"class_list":["post-79475","post","type-post","status-publish","format-standard","has-post-thumbnail","hentry","category-policia"],"_links":{"self":[{"href":"https:\/\/www.caririemacao.com\/1\/wp-json\/wp\/v2\/posts\/79475","targetHints":{"allow":["GET"]}}],"collection":[{"href":"https:\/\/www.caririemacao.com\/1\/wp-json\/wp\/v2\/posts"}],"about":[{"href":"https:\/\/www.caririemacao.com\/1\/wp-json\/wp\/v2\/types\/post"}],"author":[{"embeddable":true,"href":"https:\/\/www.caririemacao.com\/1\/wp-json\/wp\/v2\/users\/1"}],"replies":[{"embeddable":true,"href":"https:\/\/www.caririemacao.com\/1\/wp-json\/wp\/v2\/comments?post=79475"}],"version-history":[{"count":1,"href":"https:\/\/www.caririemacao.com\/1\/wp-json\/wp\/v2\/posts\/79475\/revisions"}],"predecessor-version":[{"id":79477,"href":"https:\/\/www.caririemacao.com\/1\/wp-json\/wp\/v2\/posts\/79475\/revisions\/79477"}],"wp:featuredmedia":[{"embeddable":true,"href":"https:\/\/www.caririemacao.com\/1\/wp-json\/wp\/v2\/media\/79476"}],"wp:attachment":[{"href":"https:\/\/www.caririemacao.com\/1\/wp-json\/wp\/v2\/media?parent=79475"}],"wp:term":[{"taxonomy":"category","embeddable":true,"href":"https:\/\/www.caririemacao.com\/1\/wp-json\/wp\/v2\/categories?post=79475"},{"taxonomy":"post_tag","embeddable":true,"href":"https:\/\/www.caririemacao.com\/1\/wp-json\/wp\/v2\/tags?post=79475"}],"curies":[{"name":"wp","href":"https:\/\/api.w.org\/{rel}","templated":true}]}}