{"id":79482,"date":"2019-01-04T08:10:59","date_gmt":"2019-01-04T11:10:59","guid":{"rendered":"http:\/\/www.caririemacao.com\/1\/?p=79482"},"modified":"2019-01-04T08:10:59","modified_gmt":"2019-01-04T11:10:59","slug":"damares-diz-que-nao-se-arrepende-de-frase-polemica-e-que-nenhum-direito-adquirido-sera-retirado","status":"publish","type":"post","link":"https:\/\/www.caririemacao.com\/1\/2019\/01\/04\/damares-diz-que-nao-se-arrepende-de-frase-polemica-e-que-nenhum-direito-adquirido-sera-retirado\/","title":{"rendered":"Damares diz que n\u00e3o se arrepende de frase pol\u00eamica e que nenhum direito adquirido ser\u00e1 retirado"},"content":{"rendered":"<p class=\"content-textcontainer\">A ministra da Mulher, Fam\u00edlia e Direitos Humanos, Damares Alves, afirmou na noite de quinta-feira (3) em entrevista \u00e0 GloboNews que n\u00e3o se arrepende da declara\u00e7\u00e3o pol\u00eamica que deu logo ap\u00f3s assumir o cargo,\u00a0sobre cores para meninos e meninas. Ela tamb\u00e9m disse que o governo Bolsonaro n\u00e3o vai acabar com nenhum direito adquirido pela popula\u00e7\u00e3o LGBTI.<\/p>\n<p class=\"content-textcontainer\" data-track-category=\"Link no Texto\">Na entrevista ao &#8216;Jornal das Dez&#8217;, Damares voltou a dizer que a frase em que afirma que\u00a0&#8220;menino veste azul e menina veste rosa&#8221; era uma &#8220;met\u00e1fora&#8221;\u00a0contra o que chama de &#8220;ideologia de g\u00eanero&#8221;, e explicou a declara\u00e7\u00e3o ao responder se estava arrependida, diante da repercuss\u00e3o da fala.<\/p>\n<p class=\"content-textcontainer\" data-track-category=\"Link no Texto\">&#8220;De jeito nenhum. Foi uma met\u00e1fora. N\u00f3s temos no Brasil o &#8216;Outubro Rosa&#8217;, que diz respeito ao c\u00e2ncer de mama com mulheres, temos o &#8216;Novembro Azul&#8217;, que \u00e9 com rela\u00e7\u00e3o ao c\u00e2ncer de pr\u00f3stata com o homem. Ent\u00e3o quando eu disse que menina veste cor de rosa e menino veste azul, \u00e9 que n\u00f3s vamos estar respeitando a identidade biol\u00f3gica das crian\u00e7as&#8221;, disse.<\/p>\n<p class=\"content-textcontainer\" data-track-category=\"Link no Texto\">A frase foi registrada em um v\u00eddeo feito por apoiadores, logo ap\u00f3s Damares assumir o minist\u00e9rio. Ao final da fala, a ministra foi aplaudida pelo p\u00fablico que a cercava em uma sala.<\/p>\n<p>A declara\u00e7\u00e3o provocou repercuss\u00e3o e foi criticada, ficando entre os assuntos mais comentados nas redes sociais nesta quinta-feira. Foi criada tamb\u00e9m a hashtag &#8220;cor n\u00e3o tem g\u00eanero&#8221;. O cantor Caetano Veloso divulgou uma foto, usando cor de rosa.<\/p>\n<p>A Associa\u00e7\u00e3o Nacional de Travestis e Transsexuais disse em nota que a declara\u00e7\u00e3o da ministra &#8220;fere a liberdade individual, o direito \u00e0 autodetermina\u00e7\u00e3o e a dignidade da popula\u00e7\u00e3o trans&#8221;.<\/p>\n<p>&nbsp;<\/p>\n<p class=\"noticia_fonte\">G1<\/p>\n","protected":false},"excerpt":{"rendered":"<p>A ministra da Mulher, Fam\u00edlia e Direitos Humanos, Damares Alves, afirmou na noite de quinta-feira (3) em entrevista \u00e0 GloboNews que n\u00e3o se arrepende da&hellip; <\/p>\n","protected":false},"author":1,"featured_media":75705,"comment_status":"closed","ping_status":"closed","sticky":false,"template":"","format":"standard","meta":{"sfsi_plus_gutenberg_text_before_share":"","sfsi_plus_gutenberg_show_text_before_share":"","sfsi_plus_gutenberg_icon_type":"","sfsi_plus_gutenberg_icon_alignemt":"","sfsi_plus_gutenburg_max_per_row":"","footnotes":""},"categories":[11],"tags":[],"class_list":["post-79482","post","type-post","status-publish","format-standard","has-post-thumbnail","hentry","category-politica"],"_links":{"self":[{"href":"https:\/\/www.caririemacao.com\/1\/wp-json\/wp\/v2\/posts\/79482","targetHints":{"allow":["GET"]}}],"collection":[{"href":"https:\/\/www.caririemacao.com\/1\/wp-json\/wp\/v2\/posts"}],"about":[{"href":"https:\/\/www.caririemacao.com\/1\/wp-json\/wp\/v2\/types\/post"}],"author":[{"embeddable":true,"href":"https:\/\/www.caririemacao.com\/1\/wp-json\/wp\/v2\/users\/1"}],"replies":[{"embeddable":true,"href":"https:\/\/www.caririemacao.com\/1\/wp-json\/wp\/v2\/comments?post=79482"}],"version-history":[{"count":1,"href":"https:\/\/www.caririemacao.com\/1\/wp-json\/wp\/v2\/posts\/79482\/revisions"}],"predecessor-version":[{"id":79483,"href":"https:\/\/www.caririemacao.com\/1\/wp-json\/wp\/v2\/posts\/79482\/revisions\/79483"}],"wp:featuredmedia":[{"embeddable":true,"href":"https:\/\/www.caririemacao.com\/1\/wp-json\/wp\/v2\/media\/75705"}],"wp:attachment":[{"href":"https:\/\/www.caririemacao.com\/1\/wp-json\/wp\/v2\/media?parent=79482"}],"wp:term":[{"taxonomy":"category","embeddable":true,"href":"https:\/\/www.caririemacao.com\/1\/wp-json\/wp\/v2\/categories?post=79482"},{"taxonomy":"post_tag","embeddable":true,"href":"https:\/\/www.caririemacao.com\/1\/wp-json\/wp\/v2\/tags?post=79482"}],"curies":[{"name":"wp","href":"https:\/\/api.w.org\/{rel}","templated":true}]}}