{"id":79484,"date":"2019-01-04T08:26:38","date_gmt":"2019-01-04T11:26:38","guid":{"rendered":"http:\/\/www.caririemacao.com\/1\/?p=79484"},"modified":"2019-01-04T08:26:38","modified_gmt":"2019-01-04T11:26:38","slug":"ministros-avaliam-ser-dificil-stf-reverter-em-abril-decisao-sobre-prisao-apos-2a-instancia","status":"publish","type":"post","link":"https:\/\/www.caririemacao.com\/1\/2019\/01\/04\/ministros-avaliam-ser-dificil-stf-reverter-em-abril-decisao-sobre-prisao-apos-2a-instancia\/","title":{"rendered":"Ministros avaliam ser dif\u00edcil STF reverter em abril decis\u00e3o sobre pris\u00e3o ap\u00f3s 2\u00aa inst\u00e2ncia"},"content":{"rendered":"<p class=\"content-text__container theme-color-primary-first-letter\" data-track-category=\"Link no Texto\">Ministros do\u00a0Supremo Tribunal Federal (STF) avaliaram ao blog que a decis\u00e3o de Marco Aur\u00e9lio Mello sobre pris\u00f5es ap\u00f3s segunda inst\u00e2ncia refor\u00e7ou a tend\u00eancia na Corte de manter a possibilidade de pris\u00e3o sem o chamado tr\u00e2nsito em julgado.<\/p>\n<div class=\"wall protected-content\">\n<div class=\"mc-column content-text active-extra-styles \" data-block-type=\"unstyled\" data-block-weight=\"21\" data-block-id=\"3\">\n<p class=\"content-text__container \" data-track-category=\"Link no Texto\">Em dezembro, Marco Aur\u00e9lio mandou soltar todas as pessoas que estivessem presas por terem sido condenadas pela segunda inst\u00e2ncia da Justi\u00e7a.<\/p>\n<\/div>\n<div class=\"mc-column content-text active-extra-styles \" data-block-type=\"unstyled\" data-block-weight=\"33\" data-block-id=\"4\">\n<p class=\"content-text__container \" data-track-category=\"Link no Texto\">A Procuradoria Geral da Rep\u00fablica, contudo, recorreu, e o presidente do STF, Dias Toffoli, suspendeu a decis\u00e3o do ministro at\u00e9 abril, quando o plen\u00e1rio do Supremo, formado por 11 ministros, julgar\u00e1 o tema.<\/p>\n<\/div>\n<div class=\"mc-column content-text active-extra-styles \" data-block-type=\"unstyled\" data-block-weight=\"25\" data-block-id=\"5\">\n<p class=\"content-text__container \" data-track-category=\"Link no Texto\">Desde 2016, o STF entende que uma pessoa pode ser presa ap\u00f3s ser condenada em segunda inst\u00e2ncia, mas a\u00e7\u00f5es no tribunal visam mudar o entendimento.<\/p>\n<\/div>\n<div class=\"mc-column content-text active-extra-styles \" data-block-type=\"unstyled\" data-block-weight=\"23\" data-block-id=\"6\">\n<p class=\"content-text__container \" data-track-category=\"Link no Texto\">Um dos principais argumentos apresentados \u00e9 que, segundo a Constitui\u00e7\u00e3o, &#8220;ningu\u00e9m ser\u00e1 considerado culpado at\u00e9 o tr\u00e2nsito em julgado de senten\u00e7a penal condenat\u00f3ria&#8221;.<\/p>\n<div class=\"mc-column content-text active-extra-styles\" data-block-type=\"raw\" data-block-weight=\"3\" data-block-id=\"8\">\n<div class=\"content-intertitle\">\n<h2>Julgamento em abril<\/h2>\n<\/div>\n<\/div>\n<div class=\"mc-column content-text active-extra-styles \" data-block-type=\"unstyled\" data-block-weight=\"27\" data-block-id=\"9\">\n<p class=\"content-text__container \" data-track-category=\"Link no Texto\">Antes da decis\u00e3o de Marco Aur\u00e9lio, que pegou colegas da Corte de surpresa, havia nos bastidores a avalia\u00e7\u00e3o de que o atual entendimento seria revertido em abril.<\/p>\n<\/div>\n<div class=\"mc-column content-text active-extra-styles \" data-block-type=\"unstyled\" data-block-weight=\"31\" data-block-id=\"10\">\n<p class=\"content-text__container \" data-track-category=\"Link no Texto\">Mas, segundo o blog apurou nesta semana, ministros j\u00e1 avaliam ser dif\u00edcil mudar o entendimento. Isso porque, para integrantes da Corte, o STF precisa dar seguran\u00e7a jur\u00eddica e estabilidade ao pa\u00eds.<\/p>\n<\/div>\n<div class=\"content-ads content-ads--reveal\" data-block-type=\"ads\" data-block-id=\"11\">\n<div id=\"banner_materia2\" class=\"tag-manager-publicidade-container has-reveal has-ad-lazyload tag-manager-publicidade-banner_materia2 tag-manager-publicidade-container--carregado tag-manager-publicidade-container--visivel\" data-id=\"banner_materia2\" data-google-query-id=\"CMeow8vf098CFRNuwQodYX0C_Q\" data-cid=\"138255939561\" data-lid=\"4908665229\">\n<div id=\"google_ads_iframe_\/95377733\/tvg_G1\/Politica_2__container__\">Quando o Supremo discutiu a quest\u00e3o em 2016, o placar foi apertado: 6 votos a 5. Na ocasi\u00e3o, Dias Toffoli votou contra a pris\u00e3o antes do tr\u00e2nsito em julgado. De l\u00e1 para c\u00e1, houve mudan\u00e7a na composi\u00e7\u00e3o da Corte, e Toffoli assumiu em setembro a presid\u00eancia do tribunal.<\/div>\n<\/div>\n<\/div>\n<div class=\"mc-column content-text active-extra-styles \" data-block-type=\"unstyled\" data-block-weight=\"35\" data-block-id=\"13\">\n<p class=\"content-text__container \" data-track-category=\"Link no Texto\">Na hip\u00f3tese de o placar ficar 5 a 5, caber\u00e1 a Toffoli o voto decisivo. E o blog apurou que o ministro pode rever a posi\u00e7\u00e3o adotada em 2016, em nome do equil\u00edbrio do pa\u00eds.<\/p>\n<\/div>\n<p>O tema preocupa o governo Jair Bolsonaro. O ministro da Justi\u00e7a, Sergio Moro, por exemplo, declarou em discurso de posse da pasta que pretende enviar um pacote ao Congresso com medidas no combate \u00e0 corrup\u00e7\u00e3o, incluindo a possibilidade de pris\u00e3o ap\u00f3s segunda inst\u00e2ncia.<\/p>\n<\/div>\n<\/div>\n<p>&nbsp;<\/p>\n<p class=\"noticia_fonte\">G1<\/p>\n","protected":false},"excerpt":{"rendered":"<p>Ministros do\u00a0Supremo Tribunal Federal (STF) avaliaram ao blog que a decis\u00e3o de Marco Aur\u00e9lio Mello sobre pris\u00f5es ap\u00f3s segunda inst\u00e2ncia refor\u00e7ou a tend\u00eancia na Corte&hellip; <\/p>\n","protected":false},"author":1,"featured_media":49709,"comment_status":"closed","ping_status":"closed","sticky":false,"template":"","format":"standard","meta":{"sfsi_plus_gutenberg_text_before_share":"","sfsi_plus_gutenberg_show_text_before_share":"","sfsi_plus_gutenberg_icon_type":"","sfsi_plus_gutenberg_icon_alignemt":"","sfsi_plus_gutenburg_max_per_row":"","footnotes":""},"categories":[11],"tags":[],"class_list":["post-79484","post","type-post","status-publish","format-standard","has-post-thumbnail","hentry","category-politica"],"_links":{"self":[{"href":"https:\/\/www.caririemacao.com\/1\/wp-json\/wp\/v2\/posts\/79484","targetHints":{"allow":["GET"]}}],"collection":[{"href":"https:\/\/www.caririemacao.com\/1\/wp-json\/wp\/v2\/posts"}],"about":[{"href":"https:\/\/www.caririemacao.com\/1\/wp-json\/wp\/v2\/types\/post"}],"author":[{"embeddable":true,"href":"https:\/\/www.caririemacao.com\/1\/wp-json\/wp\/v2\/users\/1"}],"replies":[{"embeddable":true,"href":"https:\/\/www.caririemacao.com\/1\/wp-json\/wp\/v2\/comments?post=79484"}],"version-history":[{"count":1,"href":"https:\/\/www.caririemacao.com\/1\/wp-json\/wp\/v2\/posts\/79484\/revisions"}],"predecessor-version":[{"id":79485,"href":"https:\/\/www.caririemacao.com\/1\/wp-json\/wp\/v2\/posts\/79484\/revisions\/79485"}],"wp:featuredmedia":[{"embeddable":true,"href":"https:\/\/www.caririemacao.com\/1\/wp-json\/wp\/v2\/media\/49709"}],"wp:attachment":[{"href":"https:\/\/www.caririemacao.com\/1\/wp-json\/wp\/v2\/media?parent=79484"}],"wp:term":[{"taxonomy":"category","embeddable":true,"href":"https:\/\/www.caririemacao.com\/1\/wp-json\/wp\/v2\/categories?post=79484"},{"taxonomy":"post_tag","embeddable":true,"href":"https:\/\/www.caririemacao.com\/1\/wp-json\/wp\/v2\/tags?post=79484"}],"curies":[{"name":"wp","href":"https:\/\/api.w.org\/{rel}","templated":true}]}}