{"id":79490,"date":"2019-01-04T08:37:48","date_gmt":"2019-01-04T11:37:48","guid":{"rendered":"http:\/\/www.caririemacao.com\/1\/?p=79490"},"modified":"2019-01-04T08:37:48","modified_gmt":"2019-01-04T11:37:48","slug":"paraiba-registra-mais-de-seis-mil-casos-de-aids-em-11-anos","status":"publish","type":"post","link":"https:\/\/www.caririemacao.com\/1\/2019\/01\/04\/paraiba-registra-mais-de-seis-mil-casos-de-aids-em-11-anos\/","title":{"rendered":"Para\u00edba registra mais de seis mil casos de Aids em 11 anos"},"content":{"rendered":"<p>H\u00e1 30 anos, o dia 1\u00ba de dezembro foi institu\u00eddo como o Dia Mundial de Luta contra a Aids. A diretora geral do Complexo de Doen\u00e7as Infecto Contagiosas Clementino Fraga, Thais Matos, comemora a data, pois, a unidade de sa\u00fade apresentou, em um ano, uma queda de 34% do n\u00famero de notifica\u00e7\u00f5es. Na Para\u00edba, houve uma redu\u00e7\u00e3o de 25% nos casos.<\/p>\n<div class=\"green-area t-left t-cont text-center\">\n<div class=\"anuncio\">\n<div id=\"div-gpt-ad-1493386374551-0\" data-google-query-id=\"CN2aoLr7098CFQydyAodhdEJ3Q\">\n<div id=\"google_ads_iframe_\/21685702823\/New_Sec_Conteudo_0__container__\">O Clementino Fraga, em 2017, notificou 784 casos de HIV \/Aids. Em 2018, at\u00e9 novembro foram notificados 473. Na Para\u00edba, foram 857 casos no ano passado e 643 neste ano. No Brasil, O n\u00famero anual de casos de Aids vem diminuindo desde 2013. A diretora atribui este resultado a amplia\u00e7\u00e3o e avan\u00e7os nos diagn\u00f3sticos, testagens e possibilidades de tratamento para o HIV. O hospital realizou mais de quinze mil exames apenas este ano.<\/div>\n<\/div>\n<\/div>\n<\/div>\n<p>\u201cA pessoa tomar o Anti-Retroviral sem interrup\u00e7\u00e3o j\u00e1 \u00e9 uma forma de preven\u00e7\u00e3o porque ela n\u00e3o tem chance de contaminar outra pessoa e faz com que ela consiga viver normalmente. Usar o preservativo \u00e9 outra preven\u00e7\u00e3o. O n\u00famero de casos diminuiu e hoje a gente deve a preven\u00e7\u00e3o combinada, pois n\u00e3o d\u00e1 pra focar em uma \u00fanica forma de preven\u00e7\u00e3o, todas devem estar juntas\u201d, explicou.<\/p>\n<p>&nbsp;<\/p>\n<p>PBAgora<\/p>\n","protected":false},"excerpt":{"rendered":"<p>H\u00e1 30 anos, o dia 1\u00ba de dezembro foi institu\u00eddo como o Dia Mundial de Luta contra a Aids. A diretora geral do Complexo de&hellip; <\/p>\n","protected":false},"author":1,"featured_media":79491,"comment_status":"closed","ping_status":"closed","sticky":false,"template":"","format":"standard","meta":{"sfsi_plus_gutenberg_text_before_share":"","sfsi_plus_gutenberg_show_text_before_share":"","sfsi_plus_gutenberg_icon_type":"","sfsi_plus_gutenberg_icon_alignemt":"","sfsi_plus_gutenburg_max_per_row":"","footnotes":""},"categories":[16],"tags":[],"class_list":["post-79490","post","type-post","status-publish","format-standard","has-post-thumbnail","hentry","category-saude"],"_links":{"self":[{"href":"https:\/\/www.caririemacao.com\/1\/wp-json\/wp\/v2\/posts\/79490","targetHints":{"allow":["GET"]}}],"collection":[{"href":"https:\/\/www.caririemacao.com\/1\/wp-json\/wp\/v2\/posts"}],"about":[{"href":"https:\/\/www.caririemacao.com\/1\/wp-json\/wp\/v2\/types\/post"}],"author":[{"embeddable":true,"href":"https:\/\/www.caririemacao.com\/1\/wp-json\/wp\/v2\/users\/1"}],"replies":[{"embeddable":true,"href":"https:\/\/www.caririemacao.com\/1\/wp-json\/wp\/v2\/comments?post=79490"}],"version-history":[{"count":1,"href":"https:\/\/www.caririemacao.com\/1\/wp-json\/wp\/v2\/posts\/79490\/revisions"}],"predecessor-version":[{"id":79492,"href":"https:\/\/www.caririemacao.com\/1\/wp-json\/wp\/v2\/posts\/79490\/revisions\/79492"}],"wp:featuredmedia":[{"embeddable":true,"href":"https:\/\/www.caririemacao.com\/1\/wp-json\/wp\/v2\/media\/79491"}],"wp:attachment":[{"href":"https:\/\/www.caririemacao.com\/1\/wp-json\/wp\/v2\/media?parent=79490"}],"wp:term":[{"taxonomy":"category","embeddable":true,"href":"https:\/\/www.caririemacao.com\/1\/wp-json\/wp\/v2\/categories?post=79490"},{"taxonomy":"post_tag","embeddable":true,"href":"https:\/\/www.caririemacao.com\/1\/wp-json\/wp\/v2\/tags?post=79490"}],"curies":[{"name":"wp","href":"https:\/\/api.w.org\/{rel}","templated":true}]}}