{"id":79494,"date":"2019-01-04T08:45:12","date_gmt":"2019-01-04T11:45:12","guid":{"rendered":"http:\/\/www.caririemacao.com\/1\/?p=79494"},"modified":"2019-01-04T08:45:12","modified_gmt":"2019-01-04T11:45:12","slug":"paraibano-disputa-etapa-do-mundial-de-volei-na-holanda","status":"publish","type":"post","link":"https:\/\/www.caririemacao.com\/1\/2019\/01\/04\/paraibano-disputa-etapa-do-mundial-de-volei-na-holanda\/","title":{"rendered":"Paraibano disputa etapa do Mundial de V\u00f4lei na Holanda"},"content":{"rendered":"<p>A etapa de Haia (Holanda), que est\u00e1 acontecendo e vai at\u00e9 o pr\u00f3ximo domingo (6\/1) abre a participa\u00e7\u00e3o das duplas brasileiras no Circuito Mundial 2019.A competi\u00e7\u00e3o n\u00edvel quatro estrelas ainda n\u00e3o conta pontos para a corrida ol\u00edmpica brasileira, mas os resultados obtidos no torneio podem ser importantes para o ranking de entradas e consequentemente o chaveamento em eventos futuros.<\/p>\n<div class=\"green-area t-left t-cont text-center\">\n<div class=\"anuncio\">\n<div id=\"div-gpt-ad-1493386374551-0\" data-google-query-id=\"CM-8jb77098CFQFHDAodEWAGIQ\">\n<div id=\"google_ads_iframe_\/21685702823\/New_Sec_Conteudo_0__container__\"><\/div>\n<\/div>\n<\/div>\n<\/div>\n<p>&nbsp;<\/p>\n<p>Al\u00e9m disso, a competi\u00e7\u00e3o conta com um diferencial, sendo disputada em um gin\u00e1sio fechado. \u00c9 o segundo ano consecutivo que Haia abre o calend\u00e1rio do Circuito Mundial. Tr\u00eas duplas brasileiras j\u00e1 est\u00e3o garantidas na fase de grupos que come\u00e7a a partir de hoje.<\/p>\n<p>&nbsp;<\/p>\n<p>No masculino, Pedro Solberg\/ Bruno Schmidt (RJ\/DF) e Ricardo\/\u00c1lvaro Filho (BA\/ PB) est\u00e3o na fase de grupos e come\u00e7am a jogar a partir de hoje. No feminino, Ana Patr\u00edcia\/ Rebecca (MG\/CE), garantidas na fase de grupos, j\u00e1 estrearam ontem.<\/p>\n<p>&nbsp;<\/p>\n<p>Para estarem na disputa, as duplas brasileiras passaram a virada do ano j\u00e1 na Holanda, ou dentro de um avi\u00e3o, tudo em busca de bons resultados representando o Brasil. O campe\u00e3o ol\u00edmpico Ricardo, que passou o r\u00e9veillon viajando, comentou a experi\u00eancia.<\/p>\n<p>&nbsp;<\/p>\n<p>\u201cNeste momento de confraterniza\u00e7\u00e3o sempre queremos estar pr\u00f3ximos da fam\u00edlia, mas a vida do atleta, desde o in\u00edcio, \u00e9 de abdica\u00e7\u00e3o. Trocamos isso por sonhos. Estou feliz e confiante na parceria com o \u00c1lvaro Filho e por isso estamos correndo atr\u00e1s. Vamos buscar a adapta\u00e7\u00e3o ao torneio em quadra fechada e climatizada da maneira mais r\u00e1pida\u201d, disse o baiano, que comemora no pr\u00f3ximo domingo 44 anos.<\/p>\n<p>&nbsp;<\/p>\n<p>PBAgora<\/p>\n<p>&nbsp;<\/p>\n","protected":false},"excerpt":{"rendered":"<p>A etapa de Haia (Holanda), que est\u00e1 acontecendo e vai at\u00e9 o pr\u00f3ximo domingo (6\/1) abre a participa\u00e7\u00e3o das duplas brasileiras no Circuito Mundial 2019.A&hellip; <\/p>\n","protected":false},"author":1,"featured_media":79495,"comment_status":"closed","ping_status":"closed","sticky":false,"template":"","format":"standard","meta":{"sfsi_plus_gutenberg_text_before_share":"","sfsi_plus_gutenberg_show_text_before_share":"","sfsi_plus_gutenberg_icon_type":"","sfsi_plus_gutenberg_icon_alignemt":"","sfsi_plus_gutenburg_max_per_row":"","footnotes":""},"categories":[13],"tags":[],"class_list":["post-79494","post","type-post","status-publish","format-standard","has-post-thumbnail","hentry","category-esportes"],"_links":{"self":[{"href":"https:\/\/www.caririemacao.com\/1\/wp-json\/wp\/v2\/posts\/79494","targetHints":{"allow":["GET"]}}],"collection":[{"href":"https:\/\/www.caririemacao.com\/1\/wp-json\/wp\/v2\/posts"}],"about":[{"href":"https:\/\/www.caririemacao.com\/1\/wp-json\/wp\/v2\/types\/post"}],"author":[{"embeddable":true,"href":"https:\/\/www.caririemacao.com\/1\/wp-json\/wp\/v2\/users\/1"}],"replies":[{"embeddable":true,"href":"https:\/\/www.caririemacao.com\/1\/wp-json\/wp\/v2\/comments?post=79494"}],"version-history":[{"count":1,"href":"https:\/\/www.caririemacao.com\/1\/wp-json\/wp\/v2\/posts\/79494\/revisions"}],"predecessor-version":[{"id":79496,"href":"https:\/\/www.caririemacao.com\/1\/wp-json\/wp\/v2\/posts\/79494\/revisions\/79496"}],"wp:featuredmedia":[{"embeddable":true,"href":"https:\/\/www.caririemacao.com\/1\/wp-json\/wp\/v2\/media\/79495"}],"wp:attachment":[{"href":"https:\/\/www.caririemacao.com\/1\/wp-json\/wp\/v2\/media?parent=79494"}],"wp:term":[{"taxonomy":"category","embeddable":true,"href":"https:\/\/www.caririemacao.com\/1\/wp-json\/wp\/v2\/categories?post=79494"},{"taxonomy":"post_tag","embeddable":true,"href":"https:\/\/www.caririemacao.com\/1\/wp-json\/wp\/v2\/tags?post=79494"}],"curies":[{"name":"wp","href":"https:\/\/api.w.org\/{rel}","templated":true}]}}