{"id":79503,"date":"2019-01-04T09:03:12","date_gmt":"2019-01-04T12:03:12","guid":{"rendered":"http:\/\/www.caririemacao.com\/1\/?p=79503"},"modified":"2019-01-04T09:03:12","modified_gmt":"2019-01-04T12:03:12","slug":"educacao-basica-sera-prioridade-do-mec-diz-velez-rodriguez","status":"publish","type":"post","link":"https:\/\/www.caririemacao.com\/1\/2019\/01\/04\/educacao-basica-sera-prioridade-do-mec-diz-velez-rodriguez\/","title":{"rendered":"Educa\u00e7\u00e3o b\u00e1sica ser\u00e1 prioridade do MEC, diz V\u00e9lez Rodr\u00edguez"},"content":{"rendered":"<p>A prioridade do Minist\u00e9rio da Educa\u00e7\u00e3o (MEC) ser\u00e1\u00a0a educa\u00e7\u00e3o b\u00e1sica, que vai da educa\u00e7\u00e3o infantil ao ensino m\u00e9dio, segundo ministro da Educa\u00e7\u00e3o, Ricardo V\u00e9lez Rodr\u00edguez. Ele comprometeu-se a combater a ideologiza\u00e7\u00e3o nas escolas\u00a0e disse que dar\u00e1 \u00eanfase ao combate ao analfabetismo.<\/p>\n<p>Hoje (2), o ministro recebeu o posto de Rossieli Soares que, por sua vez, assume a Secretaria da Educa\u00e7\u00e3o do Estado de S\u00e3o Paulo, no governo de Jo\u00e3o Doria.<\/p>\n<p>Rodr\u00edguez iniciou o discurso dizendo que o presidente Jair Bolsonaro, a quem chamou de \u201cbravo capit\u00e3o\u201d ouviu a popula\u00e7\u00e3o e os anseios por seguran\u00e7a e pelo combate \u00e0 corrup\u00e7\u00e3o. Tamb\u00e9m reiterou o combate \u00e0\u00a0&#8220;ideologia marxista&#8221; nas escolas, o que tem sido ressaltado pelo pr\u00f3prio Bolsonaro.<\/p>\n<p>\u201cEstamos dando os primeiros passos em uma jornada cujos objetivos s\u00e3o atender os anseios da na\u00e7\u00e3o brasileira. Trabalharemos intensamente para que, com apoio da fam\u00edlia e sociedade, a educa\u00e7\u00e3o possa promover a afirma\u00e7\u00e3o das nossas crian\u00e7as, jovens e adultos, \u00a0seja para exercer seus direitos como cidad\u00e3os, seja para atuarem em um mercado de trabalho cada vez mais competitivo\u201d, disse Rodr\u00edguez.<\/p>\n<p>O ministro garantiu a amplia\u00e7\u00e3o e melhoria da educa\u00e7\u00e3o em creches e pr\u00e9-escolas, a melhoria da educa\u00e7\u00e3o de jovens e adultos, o pleno atendimento a pessoas com defici\u00eancia, a melhoria na gest\u00e3o das escolas, a busca pela conclus\u00e3o das s\u00e9ries na idade certa e inova\u00e7\u00e3o com apoio de m\u00eddias e tecnologias.<\/p>\n<h2>Secretaria<\/h2>\n<p>O ministro extinguiu a\u00a0Secretaria de Educa\u00e7\u00e3o Continuada, Alfabetiza\u00e7\u00e3o, Diversidade e Inclus\u00e3o (Secadi) e criou a\u00a0Secretaria de Modalidades Especializadas de Educa\u00e7\u00e3o e Secretaria de Alfabetiza\u00e7\u00e3o. Os nomes dos secret\u00e1rios foram anunciados hoje (2) na cerim\u00f4nia de transmiss\u00e3o de cargo.<\/p>\n<p>A Secadi era respons\u00e1vel por desenvolver a\u00e7\u00f5es e programas voltados para educa\u00e7\u00e3o especial, educa\u00e7\u00e3o no campo, educa\u00e7\u00e3o escolar ind\u00edgena e quilombola, para as rela\u00e7\u00f5es \u00e9tnico-raciais, em direitos humanos e educa\u00e7\u00e3o de jovens e adultos.<\/p>\n<p>Segundo o Minist\u00e9rio da Educa\u00e7\u00e3o, a pasta n\u00e3o deixar\u00e1 de atender aqueles que estavam sob o guarda-chuva da Secadi, esses grupos ter\u00e3o inclusive maior \u00eanfase nas secretarias criadas pela atual gest\u00e3o.<\/p>\n<h2>Transmiss\u00e3o de cargo<\/h2>\n<p>Na cerim\u00f4nia, o ex-ministro destacou que iniciou \u201cmudan\u00e7as importantes\u201d e que \u201cmuitas est\u00e3o nas m\u00e3os da nova gest\u00e3o que se inicia\u201d. Como uma das medidas que precisar\u00e1 ser continuada, ele citou o novo ensino m\u00e9dio. No governo anterior, foi aprovada\u00a0a Base Nacional Comum Curricular (BNCC), que define o que deve ser aprendido nas escolas em todo o pa\u00eds, e a defini\u00e7\u00e3o da forma\u00e7\u00e3o m\u00ednima dos professores, que foi enviada ao Conselho Nacional de Educa\u00e7\u00e3o (CNE).<\/p>\n<p>\u201cEstamos ombreados para que o Brasil certo. S\u00f3 tem um lugar que esse pa\u00eds precisa evoluir e muito, que \u00e9 na educa\u00e7\u00e3o, contem comigo\u201d, disse o ex-ministro.<\/p>\n<p>A educa\u00e7\u00e3o tem sido destacada pelo pr\u00f3prio presidente Jair Bolsonaro. Pelo Twitter, o presidente declarou, no dia 31: \u201cUma das metas para tirarmos o Brasil das piores posi\u00e7\u00f5es nos rankings de educa\u00e7\u00e3o do mundo \u00e9 combater o lixo marxista que se instalou nas institui\u00e7\u00f5es de ensino. Junto com o Ministro de Educa\u00e7\u00e3o e outros envolvidos vamos evoluir em formar cidad\u00e3os e n\u00e3o mais militantes pol\u00edticos\u201d.\u00a0Hoje o presidente voltou a publicar a mesma mensagem, agora em ingl\u00eas. Ele tamb\u00e9m falou no discurso de posse ontem (1\u00ba) que ter\u00e1 o desafio de enfrentar a \u201cideologiza\u00e7\u00e3o de nossas crian\u00e7as\u201d.<\/p>\n<h2>Novo ministro<\/h2>\n<p>O ministro \u00e9 fil\u00f3sofo e professor em\u00e9rito da Escola de Comando e Estado Maior do Ex\u00e9rcito. Ricardo V\u00e9lez Rodr\u00edguez nasceu em Bogot\u00e1, tem 75 anos, e graduou-se em Filosofia e Teologia. Veio para o Brasil fazer p\u00f3s-gradua\u00e7\u00e3o nos anos 1970, sempre na \u00e1rea de Filosofia, obtendo o t\u00edtulo de mestre e depois de doutor por universidades do Rio de Janeiro.<\/p>\n<p>Rodr\u00edguez \u00e9 autor de diversos livros, tendo dedicado sua carreira \u00e0 doc\u00eancia universit\u00e1ria e \u00e0 pesquisa. Chegou a ser Pr\u00f3-Reitor de P\u00f3s-Gradua\u00e7\u00e3o e Pesquisa da Universidade de Medell\u00edn, entre 1975 e 1978, quando retornou brevemente \u00e0 Col\u00f4mbia. Desde 1979, fixou resid\u00eancia no Brasil e deu aulas em universidades do Rio de Janeiro, Londrina e Juiz de Fora, tendo participado da cria\u00e7\u00e3o de cursos de p\u00f3s-gradua\u00e7\u00e3o em Pensamento Pol\u00edtico Brasileiro. O ministro faz duras cr\u00edticas \u00e0 esquerda e defende a amplia\u00e7\u00e3o das escolas militares.<\/p>\n<p>&nbsp;<\/p>\n<p>EBC<\/p>\n","protected":false},"excerpt":{"rendered":"<p>A prioridade do Minist\u00e9rio da Educa\u00e7\u00e3o (MEC) ser\u00e1\u00a0a educa\u00e7\u00e3o b\u00e1sica, que vai da educa\u00e7\u00e3o infantil ao ensino m\u00e9dio, segundo ministro da Educa\u00e7\u00e3o, Ricardo V\u00e9lez Rodr\u00edguez.&hellip; <\/p>\n","protected":false},"author":1,"featured_media":79508,"comment_status":"closed","ping_status":"closed","sticky":false,"template":"","format":"standard","meta":{"sfsi_plus_gutenberg_text_before_share":"","sfsi_plus_gutenberg_show_text_before_share":"","sfsi_plus_gutenberg_icon_type":"","sfsi_plus_gutenberg_icon_alignemt":"","sfsi_plus_gutenburg_max_per_row":"","footnotes":""},"categories":[14],"tags":[],"class_list":["post-79503","post","type-post","status-publish","format-standard","has-post-thumbnail","hentry","category-educacao"],"_links":{"self":[{"href":"https:\/\/www.caririemacao.com\/1\/wp-json\/wp\/v2\/posts\/79503","targetHints":{"allow":["GET"]}}],"collection":[{"href":"https:\/\/www.caririemacao.com\/1\/wp-json\/wp\/v2\/posts"}],"about":[{"href":"https:\/\/www.caririemacao.com\/1\/wp-json\/wp\/v2\/types\/post"}],"author":[{"embeddable":true,"href":"https:\/\/www.caririemacao.com\/1\/wp-json\/wp\/v2\/users\/1"}],"replies":[{"embeddable":true,"href":"https:\/\/www.caririemacao.com\/1\/wp-json\/wp\/v2\/comments?post=79503"}],"version-history":[{"count":1,"href":"https:\/\/www.caririemacao.com\/1\/wp-json\/wp\/v2\/posts\/79503\/revisions"}],"predecessor-version":[{"id":79509,"href":"https:\/\/www.caririemacao.com\/1\/wp-json\/wp\/v2\/posts\/79503\/revisions\/79509"}],"wp:featuredmedia":[{"embeddable":true,"href":"https:\/\/www.caririemacao.com\/1\/wp-json\/wp\/v2\/media\/79508"}],"wp:attachment":[{"href":"https:\/\/www.caririemacao.com\/1\/wp-json\/wp\/v2\/media?parent=79503"}],"wp:term":[{"taxonomy":"category","embeddable":true,"href":"https:\/\/www.caririemacao.com\/1\/wp-json\/wp\/v2\/categories?post=79503"},{"taxonomy":"post_tag","embeddable":true,"href":"https:\/\/www.caririemacao.com\/1\/wp-json\/wp\/v2\/tags?post=79503"}],"curies":[{"name":"wp","href":"https:\/\/api.w.org\/{rel}","templated":true}]}}