{"id":79511,"date":"2019-01-04T09:35:46","date_gmt":"2019-01-04T12:35:46","guid":{"rendered":"http:\/\/www.caririemacao.com\/1\/?p=79511"},"modified":"2019-01-04T09:36:57","modified_gmt":"2019-01-04T12:36:57","slug":"inauguracoes-e-shows-marcarao-os-58-anos-de-ouro-velho","status":"publish","type":"post","link":"https:\/\/www.caririemacao.com\/1\/2019\/01\/04\/inauguracoes-e-shows-marcarao-os-58-anos-de-ouro-velho\/","title":{"rendered":"Inaugura\u00e7\u00f5es e shows marcar\u00e3o os 58 anos de Ouro Velho"},"content":{"rendered":"<p>A cidade de Ouro Velho estar\u00e1 completando no pr\u00f3ximo dia 15 de janeiro os seus 58 anos de Emancipa\u00e7\u00e3o Pol\u00edtica do munic\u00edpio e\u00a0para comemorar o anivers\u00e1rio, a Prefeitura Municipal est\u00e1 preparando uma grande festa para os ourovelhenses.<\/p>\n<p>Durante a programa\u00e7\u00e3o, est\u00e1 prevista o hasteamento das bandeiras, bolo do anivers\u00e1rio, inaugura\u00e7\u00e3o do Centro Hist\u00f3rico, inaugura\u00e7\u00e3o do cal\u00e7amento da Rua do Cant\u2019Aguas e shows em pra\u00e7a p\u00fablica com Brasas do Forr\u00f3 e Harry Estigado.<\/p>\n<p>A prefeita Nat\u00e1lia aproveita para convidar toda regi\u00e3o para prestigiar a programa\u00e7\u00e3o realizada pela Prefeitura Municipal.<\/p>\n","protected":false},"excerpt":{"rendered":"<p>A cidade de Ouro Velho estar\u00e1 completando no pr\u00f3ximo dia 15 de janeiro os seus 58 anos de Emancipa\u00e7\u00e3o Pol\u00edtica do munic\u00edpio e\u00a0para comemorar o&hellip; <\/p>\n","protected":false},"author":2,"featured_media":79512,"comment_status":"closed","ping_status":"closed","sticky":false,"template":"","format":"standard","meta":{"sfsi_plus_gutenberg_text_before_share":"","sfsi_plus_gutenberg_show_text_before_share":"","sfsi_plus_gutenberg_icon_type":"","sfsi_plus_gutenberg_icon_alignemt":"","sfsi_plus_gutenburg_max_per_row":"","footnotes":""},"categories":[6],"tags":[],"class_list":["post-79511","post","type-post","status-publish","format-standard","has-post-thumbnail","hentry","category-cidades"],"_links":{"self":[{"href":"https:\/\/www.caririemacao.com\/1\/wp-json\/wp\/v2\/posts\/79511","targetHints":{"allow":["GET"]}}],"collection":[{"href":"https:\/\/www.caririemacao.com\/1\/wp-json\/wp\/v2\/posts"}],"about":[{"href":"https:\/\/www.caririemacao.com\/1\/wp-json\/wp\/v2\/types\/post"}],"author":[{"embeddable":true,"href":"https:\/\/www.caririemacao.com\/1\/wp-json\/wp\/v2\/users\/2"}],"replies":[{"embeddable":true,"href":"https:\/\/www.caririemacao.com\/1\/wp-json\/wp\/v2\/comments?post=79511"}],"version-history":[{"count":1,"href":"https:\/\/www.caririemacao.com\/1\/wp-json\/wp\/v2\/posts\/79511\/revisions"}],"predecessor-version":[{"id":79513,"href":"https:\/\/www.caririemacao.com\/1\/wp-json\/wp\/v2\/posts\/79511\/revisions\/79513"}],"wp:featuredmedia":[{"embeddable":true,"href":"https:\/\/www.caririemacao.com\/1\/wp-json\/wp\/v2\/media\/79512"}],"wp:attachment":[{"href":"https:\/\/www.caririemacao.com\/1\/wp-json\/wp\/v2\/media?parent=79511"}],"wp:term":[{"taxonomy":"category","embeddable":true,"href":"https:\/\/www.caririemacao.com\/1\/wp-json\/wp\/v2\/categories?post=79511"},{"taxonomy":"post_tag","embeddable":true,"href":"https:\/\/www.caririemacao.com\/1\/wp-json\/wp\/v2\/tags?post=79511"}],"curies":[{"name":"wp","href":"https:\/\/api.w.org\/{rel}","templated":true}]}}