{"id":79525,"date":"2019-01-04T10:18:09","date_gmt":"2019-01-04T13:18:09","guid":{"rendered":"http:\/\/www.caririemacao.com\/1\/?p=79525"},"modified":"2019-01-04T10:21:30","modified_gmt":"2019-01-04T13:21:30","slug":"nero-toma-posse-como-presidente-da-camara-de-caraubas-na-tarde-desta-sexta-feira-4","status":"publish","type":"post","link":"https:\/\/www.caririemacao.com\/1\/2019\/01\/04\/nero-toma-posse-como-presidente-da-camara-de-caraubas-na-tarde-desta-sexta-feira-4\/","title":{"rendered":"Nero toma posse como presidente da C\u00e2mara de Cara\u00fabas na tarde desta sexta-feira (4)"},"content":{"rendered":"<p>O vereador\u00a0Jos\u00e9 Franconero Silva de Sousa, o popular \u201cNero\u201d tomar\u00e1 posse na tarde desta sexta-feira, 04 de janeiro, como presidente da C\u00e2mara de Vereadores de Cara\u00fabas\/PB.<\/p>\n<p>A cerim\u00f4nia de posse acontecer\u00e1 \u00e0s 17 horas no plen\u00e1rio da C\u00e2mara Municipal e contar\u00e1 com a presen\u00e7a do prefeito Silvano Dudu, vice-prefeito Z\u00e9 de Laura, vereadores, secret\u00e1rios, familiares e amigos.<\/p>\n","protected":false},"excerpt":{"rendered":"<p>O vereador\u00a0Jos\u00e9 Franconero Silva de Sousa, o popular \u201cNero\u201d tomar\u00e1 posse na tarde desta sexta-feira, 04 de janeiro, como presidente da C\u00e2mara de Vereadores de&hellip; <\/p>\n","protected":false},"author":2,"featured_media":79526,"comment_status":"closed","ping_status":"closed","sticky":false,"template":"","format":"standard","meta":{"sfsi_plus_gutenberg_text_before_share":"","sfsi_plus_gutenberg_show_text_before_share":"","sfsi_plus_gutenberg_icon_type":"","sfsi_plus_gutenberg_icon_alignemt":"","sfsi_plus_gutenburg_max_per_row":"","footnotes":""},"categories":[11],"tags":[],"class_list":["post-79525","post","type-post","status-publish","format-standard","has-post-thumbnail","hentry","category-politica"],"_links":{"self":[{"href":"https:\/\/www.caririemacao.com\/1\/wp-json\/wp\/v2\/posts\/79525","targetHints":{"allow":["GET"]}}],"collection":[{"href":"https:\/\/www.caririemacao.com\/1\/wp-json\/wp\/v2\/posts"}],"about":[{"href":"https:\/\/www.caririemacao.com\/1\/wp-json\/wp\/v2\/types\/post"}],"author":[{"embeddable":true,"href":"https:\/\/www.caririemacao.com\/1\/wp-json\/wp\/v2\/users\/2"}],"replies":[{"embeddable":true,"href":"https:\/\/www.caririemacao.com\/1\/wp-json\/wp\/v2\/comments?post=79525"}],"version-history":[{"count":1,"href":"https:\/\/www.caririemacao.com\/1\/wp-json\/wp\/v2\/posts\/79525\/revisions"}],"predecessor-version":[{"id":79527,"href":"https:\/\/www.caririemacao.com\/1\/wp-json\/wp\/v2\/posts\/79525\/revisions\/79527"}],"wp:featuredmedia":[{"embeddable":true,"href":"https:\/\/www.caririemacao.com\/1\/wp-json\/wp\/v2\/media\/79526"}],"wp:attachment":[{"href":"https:\/\/www.caririemacao.com\/1\/wp-json\/wp\/v2\/media?parent=79525"}],"wp:term":[{"taxonomy":"category","embeddable":true,"href":"https:\/\/www.caririemacao.com\/1\/wp-json\/wp\/v2\/categories?post=79525"},{"taxonomy":"post_tag","embeddable":true,"href":"https:\/\/www.caririemacao.com\/1\/wp-json\/wp\/v2\/tags?post=79525"}],"curies":[{"name":"wp","href":"https:\/\/api.w.org\/{rel}","templated":true}]}}