{"id":79533,"date":"2019-01-04T13:32:32","date_gmt":"2019-01-04T16:32:32","guid":{"rendered":"http:\/\/www.caririemacao.com\/1\/?p=79533"},"modified":"2019-01-04T13:35:08","modified_gmt":"2019-01-04T16:35:08","slug":"jefferson-roberto-e-reeleito-presidente-do-cisco","status":"publish","type":"post","link":"https:\/\/www.caririemacao.com\/1\/2019\/01\/04\/jefferson-roberto-e-reeleito-presidente-do-cisco\/","title":{"rendered":"Jefferson Roberto \u00e9 reeleito presidente do CISCO"},"content":{"rendered":"<p>Em reuni\u00e3o promovida pelo Cons\u00f3rcio Intermunicipal de Sa\u00fade do Cariri Ocidental (CISCO), o prefeito de S\u00e3o Jos\u00e9 dos Cordeiros, Jefferson Roberto, foi reeleito por unanimidade presidente da entidade para mais dois anos (2019\/2020).<\/p>\n<p>A reuni\u00e3o realizada na manh\u00e3 desta sexta-feira, dia 04, na sede do CISCO, contou com a presen\u00e7a dos prefeitos Jefferson Roberto (S\u00e3o Jos\u00e9 dos Cordeiros), Silvano Dudu (Cara\u00fabas), Adriano Wolff (S\u00e3o Sebasti\u00e3o do Umbuzeiro), In\u00e1cio N\u00f3brega (Amparo), Givaldo Limeira (Coxixola), Souzinha (Serra Branca), Jos\u00e9 Josemar (Parari), J\u00fanior Quirino (Congo), Carmelita Ventura (Livramento), dos vice-prefeitos de Ouro Velho, Fl\u00e1vio Henrique, e Maria Em\u00edlia (S\u00e3o Jo\u00e3o do Tigre), e representantes dos demais munic\u00edpios membros da entidade.<\/p>\n<p>Al\u00e9m de Jefferson Roberto, a mesa diretora continua com a prefeita de Monteiro, Ana Lorena, como vice-presidente e \u00c9den Duarte, prefeito de Sum\u00e9, como Secret\u00e1rio Geral.<\/p>\n","protected":false},"excerpt":{"rendered":"<p>Em reuni\u00e3o promovida pelo Cons\u00f3rcio Intermunicipal de Sa\u00fade do Cariri Ocidental (CISCO), o prefeito de S\u00e3o Jos\u00e9 dos Cordeiros, Jefferson Roberto, foi reeleito por unanimidade&hellip; <\/p>\n","protected":false},"author":2,"featured_media":79535,"comment_status":"closed","ping_status":"closed","sticky":false,"template":"","format":"standard","meta":{"sfsi_plus_gutenberg_text_before_share":"","sfsi_plus_gutenberg_show_text_before_share":"","sfsi_plus_gutenberg_icon_type":"","sfsi_plus_gutenberg_icon_alignemt":"","sfsi_plus_gutenburg_max_per_row":"","footnotes":""},"categories":[2],"tags":[],"class_list":["post-79533","post","type-post","status-publish","format-standard","has-post-thumbnail","hentry","category-geral"],"_links":{"self":[{"href":"https:\/\/www.caririemacao.com\/1\/wp-json\/wp\/v2\/posts\/79533","targetHints":{"allow":["GET"]}}],"collection":[{"href":"https:\/\/www.caririemacao.com\/1\/wp-json\/wp\/v2\/posts"}],"about":[{"href":"https:\/\/www.caririemacao.com\/1\/wp-json\/wp\/v2\/types\/post"}],"author":[{"embeddable":true,"href":"https:\/\/www.caririemacao.com\/1\/wp-json\/wp\/v2\/users\/2"}],"replies":[{"embeddable":true,"href":"https:\/\/www.caririemacao.com\/1\/wp-json\/wp\/v2\/comments?post=79533"}],"version-history":[{"count":2,"href":"https:\/\/www.caririemacao.com\/1\/wp-json\/wp\/v2\/posts\/79533\/revisions"}],"predecessor-version":[{"id":79537,"href":"https:\/\/www.caririemacao.com\/1\/wp-json\/wp\/v2\/posts\/79533\/revisions\/79537"}],"wp:featuredmedia":[{"embeddable":true,"href":"https:\/\/www.caririemacao.com\/1\/wp-json\/wp\/v2\/media\/79535"}],"wp:attachment":[{"href":"https:\/\/www.caririemacao.com\/1\/wp-json\/wp\/v2\/media?parent=79533"}],"wp:term":[{"taxonomy":"category","embeddable":true,"href":"https:\/\/www.caririemacao.com\/1\/wp-json\/wp\/v2\/categories?post=79533"},{"taxonomy":"post_tag","embeddable":true,"href":"https:\/\/www.caririemacao.com\/1\/wp-json\/wp\/v2\/tags?post=79533"}],"curies":[{"name":"wp","href":"https:\/\/api.w.org\/{rel}","templated":true}]}}