{"id":79545,"date":"2019-01-04T22:16:56","date_gmt":"2019-01-05T01:16:56","guid":{"rendered":"http:\/\/www.caririemacao.com\/1\/?p=79545"},"modified":"2019-01-05T06:28:39","modified_gmt":"2019-01-05T09:28:39","slug":"camara-elege-maria-elizete-como-nova-presidente-do-legislativo-de-gurjao","status":"publish","type":"post","link":"https:\/\/www.caririemacao.com\/1\/2019\/01\/04\/camara-elege-maria-elizete-como-nova-presidente-do-legislativo-de-gurjao\/","title":{"rendered":"C\u00e2mara elege Maria Elizete como nova presidente do Legislativo de Gurj\u00e3o"},"content":{"rendered":"<p>Apenas cinco dos nove vereadores da C\u00e2mara de Gurj\u00e3o compareceram \u00e0 nova elei\u00e7\u00e3o para a Mesa Diretora do Legislativo no bi\u00eanio 2019\/2020.<\/p>\n<p>O resultado foi o esperado pelo grupo majorit\u00e1rio no Legislativo. Enfim, a maioria da C\u00e2mara, os cinco vereadores da base governista, conseguiram eleger a vereadora Maria Elizete para presidir a Casa nos pr\u00f3ximos dois anos.<\/p>\n<p><img fetchpriority=\"high\" decoding=\"async\" class=\"wp-image-61199 alignleft\" src=\"http:\/\/deolhonocariri.com.br\/wp-content\/uploads\/2019\/01\/camara_gurjao_nova.jpg\" sizes=\"(max-width: 457px) 100vw, 457px\" srcset=\"http:\/\/deolhonocariri.com.br\/wp-content\/uploads\/2019\/01\/camara_gurjao_nova.jpg 960w, http:\/\/deolhonocariri.com.br\/wp-content\/uploads\/2019\/01\/camara_gurjao_nova-400x300.jpg 400w, http:\/\/deolhonocariri.com.br\/wp-content\/uploads\/2019\/01\/camara_gurjao_nova-600x450.jpg 600w, http:\/\/deolhonocariri.com.br\/wp-content\/uploads\/2019\/01\/camara_gurjao_nova-768x576.jpg 768w\" alt=\"\" width=\"416\" height=\"312\" \/>A elei\u00e7\u00e3o ocorreu na manh\u00e3 desta sexta-feira (04\/01) e a Mesa Diretora da C\u00e2mara de Gurj\u00e3o ficou assim distribu\u00edda:<\/p>\n<p>Maria Elizete \u2013 presidente<\/p>\n<p>Marcelo Farias- Vice-presidente<\/p>\n<p>1\u00aa Secret\u00e1ria- Niselma Martins<\/p>\n<p>2\u00b0 Secret\u00e1rio \u2013 Diogo Coutinho<\/p>\n<p>A vit\u00f3ria da nova Mesa Diretora contou com o aval e apoio do prefeito Ronaldo Queiroz.<\/p>\n<p>&nbsp;<\/p>\n","protected":false},"excerpt":{"rendered":"<p>Apenas cinco dos nove vereadores da C\u00e2mara de Gurj\u00e3o compareceram \u00e0 nova elei\u00e7\u00e3o para a Mesa Diretora do Legislativo no bi\u00eanio 2019\/2020. O resultado foi&hellip; <\/p>\n","protected":false},"author":1,"featured_media":79548,"comment_status":"closed","ping_status":"closed","sticky":false,"template":"","format":"standard","meta":{"sfsi_plus_gutenberg_text_before_share":"","sfsi_plus_gutenberg_show_text_before_share":"","sfsi_plus_gutenberg_icon_type":"","sfsi_plus_gutenberg_icon_alignemt":"","sfsi_plus_gutenburg_max_per_row":"","footnotes":""},"categories":[50,2],"tags":[],"class_list":["post-79545","post","type-post","status-publish","format-standard","has-post-thumbnail","hentry","category-destaque","category-geral"],"_links":{"self":[{"href":"https:\/\/www.caririemacao.com\/1\/wp-json\/wp\/v2\/posts\/79545","targetHints":{"allow":["GET"]}}],"collection":[{"href":"https:\/\/www.caririemacao.com\/1\/wp-json\/wp\/v2\/posts"}],"about":[{"href":"https:\/\/www.caririemacao.com\/1\/wp-json\/wp\/v2\/types\/post"}],"author":[{"embeddable":true,"href":"https:\/\/www.caririemacao.com\/1\/wp-json\/wp\/v2\/users\/1"}],"replies":[{"embeddable":true,"href":"https:\/\/www.caririemacao.com\/1\/wp-json\/wp\/v2\/comments?post=79545"}],"version-history":[{"count":3,"href":"https:\/\/www.caririemacao.com\/1\/wp-json\/wp\/v2\/posts\/79545\/revisions"}],"predecessor-version":[{"id":79573,"href":"https:\/\/www.caririemacao.com\/1\/wp-json\/wp\/v2\/posts\/79545\/revisions\/79573"}],"wp:featuredmedia":[{"embeddable":true,"href":"https:\/\/www.caririemacao.com\/1\/wp-json\/wp\/v2\/media\/79548"}],"wp:attachment":[{"href":"https:\/\/www.caririemacao.com\/1\/wp-json\/wp\/v2\/media?parent=79545"}],"wp:term":[{"taxonomy":"category","embeddable":true,"href":"https:\/\/www.caririemacao.com\/1\/wp-json\/wp\/v2\/categories?post=79545"},{"taxonomy":"post_tag","embeddable":true,"href":"https:\/\/www.caririemacao.com\/1\/wp-json\/wp\/v2\/tags?post=79545"}],"curies":[{"name":"wp","href":"https:\/\/api.w.org\/{rel}","templated":true}]}}