{"id":79550,"date":"2019-01-04T22:20:39","date_gmt":"2019-01-05T01:20:39","guid":{"rendered":"http:\/\/www.caririemacao.com\/1\/?p=79550"},"modified":"2019-01-04T22:20:39","modified_gmt":"2019-01-05T01:20:39","slug":"acude-sao-jose-ii-na-cidade-de-monteiro-e-o-unico-na-paraiba-com-capacidade-completa","status":"publish","type":"post","link":"https:\/\/www.caririemacao.com\/1\/2019\/01\/04\/acude-sao-jose-ii-na-cidade-de-monteiro-e-o-unico-na-paraiba-com-capacidade-completa\/","title":{"rendered":"A\u00e7ude S\u00e3o Jos\u00e9 II na cidade de Monteiro \u00e9 o \u00fanico na Para\u00edba com capacidade completa"},"content":{"rendered":"<div class=\"mc-column content-text active-extra-styles active-capital-letter\" data-block-weight=\"50\" data-block-type=\"unstyled\" data-block-id=\"2\">\n<p class=\"content-text__container theme-color-primary-first-letter\" data-track-category=\"Link no Texto\" data-track-links=\"\">A Para\u00edba est\u00e1 come\u00e7ando o ano de 2019 com apenas 17,03% de \u00e1gua dispon\u00edvel em seus a\u00e7udes para o abastecimento da popula\u00e7\u00e3o. Esse percentual \u00e9 uma m\u00e9dia da quantidade de \u00e1gua que o estado ainda tem para ofertar aos seus mais de 3,9 milh\u00f5es de habitantes nesse in\u00edcio de janeiro.<\/p>\n<\/div>\n<div class=\"wall protected-content\">\n<div class=\"mc-column content-text active-extra-styles \" data-block-weight=\"34\" data-block-type=\"unstyled\" data-block-id=\"3\">\n<p class=\"content-text__container \" data-track-category=\"Link no Texto\" data-track-links=\"\">O c\u00e1lculo foi feito pelo\u00a0<strong>G1\u00a0<\/strong>com base na soma da capacidade total e dos volumes mais recentes de todos os 128 a\u00e7udes monitorados pela Ag\u00eancia Executiva de Gest\u00e3o das \u00c1guas da Para\u00edba (Aesa).<\/p>\n<\/div>\n<div class=\"mc-column content-text active-extra-styles \" data-block-weight=\"67\" data-block-type=\"unstyled\" data-block-id=\"4\">\n<p class=\"content-text__container \" data-track-category=\"Link no Texto\" data-track-links=\"\">Se a \u00e1gua que a Para\u00edba tem nesse in\u00edcio de ano fosse dividida entre os 3.996.496 habitantes do estado, cada um receberia 161,1 m\u00b3 de \u00e1gua, o que equivale a cerca de 161 mil litros. O total seria suficiente para mais de tr\u00eas anos, uma vez que, segundo o Instituto Trata Brasil, o consumo m\u00e9dio de \u00e1gua no Nordeste por habitante \u00e9 de 112,5 litros por dia.<\/p>\n<\/div>\n<div class=\"mc-column content-text active-extra-styles \" data-block-weight=\"30\" data-block-type=\"unstyled\" data-block-id=\"5\">\n<p class=\"content-text__container \" data-track-category=\"Link no Texto\" data-track-links=\"\">Entretanto, \u00e9 preciso lembrar que cada a\u00e7ude tem um n\u00edvel de volume morto diferente. O volume morto \u00e9 quando n\u00e3o h\u00e1 mais condi\u00e7\u00f5es para capta\u00e7\u00e3o da \u00e1gua de um reservat\u00f3rio.<\/p>\n<\/div>\n<div class=\"mc-column content-text active-extra-styles \" data-block-weight=\"43\" data-block-type=\"unstyled\" data-block-id=\"6\">\n<p class=\"content-text__container \" data-track-category=\"Link no Texto\" data-track-links=\"\">Os dados da Aesa mostram ainda que, dos 128 a\u00e7udes da Para\u00edba, apenas um est\u00e1 sangrando (com 100% da capacidade total), 38 a\u00e7udes est\u00e3o em situa\u00e7\u00e3o cr\u00edtica (com menos de 5% do volume total) e 39 est\u00e3o em observa\u00e7\u00e3o (com menos de 20%).<\/p>\n<\/div>\n<div class=\"row medium-uncollapsed content-media content-photo\" data-block-type=\"backstage-photo\" data-block-id=\"7\">\n<div class=\"column medium-22 large-20 medium-centered content-media__container\">\n<div class=\"progressive-img can-open-lightbox\" data-min-size=\"1008x567\" data-min-size-url=\"https:\/\/s2.glbimg.com\/VwLteu-suVT8YUlGAJw4c7fF0DM=\/0x0:1032x581\/1008x0\/smart\/filters:strip_icc()\/s.glbimg.com\/jo\/g1\/f\/original\/2017\/04\/02\/acude_sao_jose1.jpg\" data-max-size=\"1600x900\" data-max-size-url=\"https:\/\/s2.glbimg.com\/Z1vlB6KgASgVG59J10pUIWR1f7s=\/0x0:1032x581\/1600x0\/smart\/filters:strip_icc()\/s.glbimg.com\/jo\/g1\/f\/original\/2017\/04\/02\/acude_sao_jose1.jpg\" data-media-index=\"1\"><picture><img fetchpriority=\"high\" decoding=\"async\" class=\"image content-media__image progressive-loaded alignleft\" title=\"A\u00e7ude S\u00e3o Jos\u00e9, em Monteiro, \u00e9 o \u00fanico que est\u00e1 sangrando na Para\u00edba, por causa das \u00e1guas da transposi\u00e7\u00e3o \u2014 Foto: Guga Leite\/Divulga\u00e7\u00e3o\/Arquivo\" src=\"https:\/\/s2.glbimg.com\/VwLteu-suVT8YUlGAJw4c7fF0DM=\/0x0:1032x581\/1008x0\/smart\/filters:strip_icc()\/s.glbimg.com\/jo\/g1\/f\/original\/2017\/04\/02\/acude_sao_jose1.jpg\" alt=\"A\u00e7ude S\u00e3o Jos\u00e9, em Monteiro, \u00e9 o \u00fanico que est\u00e1 sangrando na Para\u00edba, por causa das \u00e1guas da transposi\u00e7\u00e3o \u2014 Foto: Guga Leite\/Divulga\u00e7\u00e3o\/Arquivo\" width=\"368\" height=\"207\" data-src=\"https:\/\/s2.glbimg.com\/VwLteu-suVT8YUlGAJw4c7fF0DM=\/0x0:1032x581\/1008x0\/smart\/filters:strip_icc()\/s.glbimg.com\/jo\/g1\/f\/original\/2017\/04\/02\/acude_sao_jose1.jpg\" \/><\/picture><\/div>\n<p class=\"content-media__description \">O a\u00e7ude S\u00e3o Jos\u00e9 II na cidade de Monteiro, no Cariri paraibano, \u00e9 o \u00fanico que est\u00e1 sangrando. Entretanto, isso s\u00f3 est\u00e1 ocorrendo porque o a\u00e7ude est\u00e1 recebendo \u00e1guas da transposi\u00e7\u00e3o do Rio S\u00e3o Francisco.<\/p>\n<\/div>\n<\/div>\n<div class=\"mc-column content-text active-extra-styles \" data-block-weight=\"28\" data-block-type=\"unstyled\" data-block-id=\"10\">\n<p class=\"content-text__container \" data-track-category=\"Link no Texto\" data-track-links=\"\">Tr\u00eas dos cinco maiores a\u00e7udes da Para\u00edba est\u00e3o em situa\u00e7\u00e3o preocupante, com menos de 10% do volume total. S\u00e3o eles: Coremas (9,5%), M\u00e3e D\u2019agua (6,04%) e Acau\u00e3 (7,21%).<\/p>\n<\/div>\n<div class=\"mc-column content-text active-extra-styles\" data-block-weight=\"1\" data-block-type=\"raw\" data-block-id=\"11\">\n<div class=\"content-intertitle\">\n<h2>Coremas<\/h2>\n<\/div>\n<\/div>\n<div class=\"mc-column content-text active-extra-styles \" data-block-weight=\"42\" data-block-type=\"unstyled\" data-block-id=\"12\">\n<p class=\"content-text__container \" data-track-category=\"Link no Texto\" data-track-links=\"\">O maior reservat\u00f3rio da Para\u00edba \u00e9 o a\u00e7ude de Coremas, que fica no munic\u00edpio de Coremas. Ele tem capacidade para armazenar at\u00e9 591.646.222 m\u00b3 de \u00e1gua, mas atualmente est\u00e1 com 57.708.033 m\u00b3 de \u00e1gua, o que corresponde a 9,75% do volume total.<\/p>\n<\/div>\n<div class=\"row medium-uncollapsed content-media content-photo\" data-block-type=\"backstage-photo\" data-block-id=\"13\">\n<div class=\"mc-column content-media__container\">\n<div class=\"progressive-img can-open-lightbox\" data-min-size=\"1008x631\" data-min-size-url=\"https:\/\/s2.glbimg.com\/SRnOeRAdOsI5taS1b9JpDr0Z3Vk=\/0x0:1700x1065\/1008x0\/smart\/filters:strip_icc()\/i.s3.glbimg.com\/v1\/AUTH_59edd422c0c84a879bd37670ae4f538a\/internal_photos\/bs\/2017\/a\/T\/E0aiARTFA97TRbaOnbEg\/acude-de-coremas.jpg\" data-max-size=\"1600x1002\" data-max-size-url=\"https:\/\/s2.glbimg.com\/UchHFi2FVUY4eJPKM9ooir46WXs=\/0x0:1700x1065\/1600x0\/smart\/filters:strip_icc()\/i.s3.glbimg.com\/v1\/AUTH_59edd422c0c84a879bd37670ae4f538a\/internal_photos\/bs\/2017\/a\/T\/E0aiARTFA97TRbaOnbEg\/acude-de-coremas.jpg\" data-media-index=\"2\"><picture><img decoding=\"async\" class=\"image content-media__image progressive-loaded alignleft\" title=\"A\u00e7ude de Coremas recebe recarga ap\u00f3s chuvas no Sert\u00e3o da Para\u00edba \u2014 Foto: Iracema Batista \/ Arquivo Pessoal\" src=\"https:\/\/s2.glbimg.com\/uFlcmkST3wTKUgWLZGJ_3kTs5ag=\/0x0:1700x1065\/984x0\/smart\/filters:strip_icc()\/i.s3.glbimg.com\/v1\/AUTH_59edd422c0c84a879bd37670ae4f538a\/internal_photos\/bs\/2017\/a\/T\/E0aiARTFA97TRbaOnbEg\/acude-de-coremas.jpg\" alt=\"A\u00e7ude de Coremas recebe recarga ap\u00f3s chuvas no Sert\u00e3o da Para\u00edba \u2014 Foto: Iracema Batista \/ Arquivo Pessoal\" width=\"360\" height=\"226\" data-src=\"https:\/\/s2.glbimg.com\/uFlcmkST3wTKUgWLZGJ_3kTs5ag=\/0x0:1700x1065\/984x0\/smart\/filters:strip_icc()\/i.s3.glbimg.com\/v1\/AUTH_59edd422c0c84a879bd37670ae4f538a\/internal_photos\/bs\/2017\/a\/T\/E0aiARTFA97TRbaOnbEg\/acude-de-coremas.jpg\" \/><\/picture><\/div>\n<\/div>\n<\/div>\n<div class=\"mc-column content-text active-extra-styles\" data-block-weight=\"2\" data-block-type=\"raw\" data-block-id=\"14\">\n<div class=\"content-intertitle\">\n<h2>M\u00e3e D\u2019\u00e1gua<\/h2>\n<\/div>\n<\/div>\n<div class=\"mc-column content-text active-extra-styles \" data-block-weight=\"44\" data-block-type=\"unstyled\" data-block-id=\"15\">\n<p class=\"content-text__container \" data-track-category=\"Link no Texto\" data-track-links=\"\">O segundo maior a\u00e7ude \u00e9 o M\u00e3e D\u2019\u00e1gua, que tamb\u00e9m fica na cidade de Coremas e forma um completo com o a\u00e7ude de Coremas. Ele tem capacidade para armazenar at\u00e9 567.999.136 m\u00b3 e est\u00e1 com apenas 34.295.406 m\u00b3 de \u00e1gua, que equivale a 6,04%.<\/p>\n<\/div>\n<div class=\"mc-column content-text active-extra-styles\" data-block-weight=\"1\" data-block-type=\"raw\" data-block-id=\"16\">\n<div class=\"content-intertitle\">\n<h2>Boqueir\u00e3o<\/h2>\n<\/div>\n<\/div>\n<div class=\"mc-column content-text active-extra-styles \" data-block-weight=\"37\" data-block-type=\"unstyled\" data-block-id=\"17\">\n<p class=\"content-text__container \" data-track-category=\"Link no Texto\" data-track-links=\"\">O A\u00e7ude Epit\u00e1cio Pessoa, conhecido como a\u00e7ude de Boqueir\u00e3o, no munic\u00edpio de Boqueir\u00e3o, no Cariri paraibano, \u00e9 o terceiro maior do estado. Ele \u00e9 respons\u00e1vel pelo abastecimento de Campina Grande e outras 18 cidades do Agreste paraibano.<\/p>\n<\/div>\n<div class=\"row medium-uncollapsed content-media content-photo\" data-block-type=\"backstage-photo\" data-block-id=\"18\">\n<div class=\"mc-column content-media__container\"><\/div>\n<\/div>\n<div class=\"mc-column content-text active-extra-styles \" data-block-weight=\"59\" data-block-type=\"unstyled\" data-block-id=\"20\">\n<p class=\"content-text__container \" data-track-category=\"Link no Texto\" data-track-links=\"\">Boqueir\u00e3o tem capacidade para 411.686.287 m\u00b3 e est\u00e1 com 91.572.188 m\u00b3, que equivale a 22,24% do volume total. Boqueir\u00e3o \u00e9 um dos reservat\u00f3rios que est\u00e1 na rota de abastecimento do Rio Para\u00edba, que recebe as \u00e1guas da transposi\u00e7\u00e3o do Rio S\u00e3o Francisco. Entretanto, por causa de manuten\u00e7\u00f5es, h\u00e1 alguns meses n\u00e3o chega \u00e1gua nova no Velho Chico em Boqueir\u00e3o.<\/p>\n<\/div>\n<div class=\"mc-column content-text active-extra-styles\" data-block-weight=\"1\" data-block-type=\"raw\" data-block-id=\"21\">\n<div class=\"content-intertitle\">\n<h2>Cajazeiras<\/h2>\n<\/div>\n<\/div>\n<div class=\"mc-column content-text active-extra-styles \" data-block-weight=\"43\" data-block-type=\"unstyled\" data-block-id=\"22\">\n<p class=\"content-text__container \" data-track-category=\"Link no Texto\" data-track-links=\"\">O a\u00e7ude Engenheiro \u00c1vidos, que fica no munic\u00edpio de Cajazeiras, no Alto Sert\u00e3o do estado \u00e9 o 4\u00ba maior reservat\u00f3rio da Para\u00edba. Ele tem capacidade para 255 milh\u00f5es de metros c\u00fabicos de \u00e1gua, mas atualmente est\u00e1 com 49.632.725 m\u00b3, que corresponde a 19,46%.<\/p>\n<\/div>\n<div class=\"row medium-uncollapsed content-media content-photo\" data-block-type=\"backstage-photo\" data-block-id=\"23\">\n<div class=\"mc-column content-media__container\"><\/div>\n<\/div>\n<div class=\"mc-column content-text active-extra-styles\" data-block-weight=\"1\" data-block-type=\"raw\" data-block-id=\"24\">\n<div class=\"content-intertitle\">\n<h2>Acau\u00e3<\/h2>\n<\/div>\n<\/div>\n<div class=\"mc-column content-text active-extra-styles \" data-block-weight=\"36\" data-block-type=\"unstyled\" data-block-id=\"25\">\n<p class=\"content-text__container \" data-track-category=\"Link no Texto\" data-track-links=\"\">O a\u00e7ude Argemiro de Figueiredo, conhecido como a\u00e7ude de Acau\u00e3, no munic\u00edpio de Itatuba, no Agreste paraibano, tem capacidade de 253 milh\u00f5es de m\u00b3, mas est\u00e1 com 18.243.726 m\u00b3, que equivale a 7,21% do volume total.<\/p>\n<\/div>\n<div class=\"mc-column content-text active-extra-styles\" data-block-weight=\"1\" data-block-type=\"raw\" data-block-id=\"26\">\n<div class=\"content-intertitle\">\n<h2>Gramame<\/h2>\n<\/div>\n<\/div>\n<div class=\"mc-column content-text active-extra-styles \" data-block-weight=\"56\" data-block-type=\"unstyled\" data-block-id=\"27\">\n<p class=\"content-text__container \" data-track-category=\"Link no Texto\" data-track-links=\"\">O a\u00e7ude de Gramame fica no munic\u00edpio do Conde, no Litoral paraibano e \u00e9 usado no abastecimento da Regi\u00e3o Metropolitana de Jo\u00e3o Pessoa. Ele tem capacidade para armazenar at\u00e9 56.937.000 m\u00b3 de \u00e1gua, mas est\u00e1 com 39.852.880 m\u00b3, que corresponde a 69,99%. Entretanto, o reservat\u00f3rio \u00e9 abastecido por um rio e n\u00e3o corre risco de colapso.<\/p>\n<\/div>\n<div class=\"row medium-uncollapsed content-media content-photo\" data-block-type=\"backstage-photo\" data-block-id=\"28\">\n<div class=\"mc-column content-media__container\"><\/div>\n<\/div>\n<div class=\"mc-column content-text active-extra-styles\" data-block-weight=\"1\" data-block-type=\"raw\" data-block-id=\"30\">\n<div class=\"content-intertitle\">\n<h2>Sum\u00e9<\/h2>\n<\/div>\n<\/div>\n<div class=\"mc-column content-text active-extra-styles \" data-block-weight=\"31\" data-block-type=\"unstyled\" data-block-id=\"31\">\n<p class=\"content-text__container \" data-track-category=\"Link no Texto\" data-track-links=\"\">O a\u00e7ude de Sum\u00e9, no Cariri paraibano, que tem o mesmo nome da cidade, est\u00e1 quase seco. Ele tem capacidade para 44.864.100m\u00b3 e est\u00e1 com apenas 3,07%, que corresponde a 1.376.370m\u00b3.<\/p>\n<\/div>\n<div class=\"mc-column content-text active-extra-styles\" data-block-weight=\"1\" data-block-type=\"raw\" data-block-id=\"32\">\n<div class=\"content-intertitle\">\n<h2>Sousa<\/h2>\n<\/div>\n<\/div>\n<div class=\"mc-column content-text active-extra-styles \" data-block-weight=\"34\" data-block-type=\"unstyled\" data-block-id=\"33\">\n<p class=\"content-text__container \" data-track-category=\"Link no Texto\" data-track-links=\"\">O a\u00e7ude S\u00e3o Gon\u00e7alo, que fica no munic\u00edpio de Sousa, no Sert\u00e3o do estado, vive uma situa\u00e7\u00e3o confort\u00e1vel com 32,51%. Ele tem capacidade para 44,6 milh\u00f5es de m\u00b3 de \u00e1gua e est\u00e1 com 14.498.520m\u00b3.<\/p>\n<\/div>\n<\/div>\n","protected":false},"excerpt":{"rendered":"<p>A Para\u00edba est\u00e1 come\u00e7ando o ano de 2019 com apenas 17,03% de \u00e1gua dispon\u00edvel em seus a\u00e7udes para o abastecimento da popula\u00e7\u00e3o. Esse percentual \u00e9&hellip; <\/p>\n","protected":false},"author":1,"featured_media":79551,"comment_status":"closed","ping_status":"closed","sticky":false,"template":"","format":"standard","meta":{"sfsi_plus_gutenberg_text_before_share":"","sfsi_plus_gutenberg_show_text_before_share":"","sfsi_plus_gutenberg_icon_type":"","sfsi_plus_gutenberg_icon_alignemt":"","sfsi_plus_gutenburg_max_per_row":"","footnotes":""},"categories":[50,2],"tags":[],"class_list":["post-79550","post","type-post","status-publish","format-standard","has-post-thumbnail","hentry","category-destaque","category-geral"],"_links":{"self":[{"href":"https:\/\/www.caririemacao.com\/1\/wp-json\/wp\/v2\/posts\/79550","targetHints":{"allow":["GET"]}}],"collection":[{"href":"https:\/\/www.caririemacao.com\/1\/wp-json\/wp\/v2\/posts"}],"about":[{"href":"https:\/\/www.caririemacao.com\/1\/wp-json\/wp\/v2\/types\/post"}],"author":[{"embeddable":true,"href":"https:\/\/www.caririemacao.com\/1\/wp-json\/wp\/v2\/users\/1"}],"replies":[{"embeddable":true,"href":"https:\/\/www.caririemacao.com\/1\/wp-json\/wp\/v2\/comments?post=79550"}],"version-history":[{"count":1,"href":"https:\/\/www.caririemacao.com\/1\/wp-json\/wp\/v2\/posts\/79550\/revisions"}],"predecessor-version":[{"id":79552,"href":"https:\/\/www.caririemacao.com\/1\/wp-json\/wp\/v2\/posts\/79550\/revisions\/79552"}],"wp:featuredmedia":[{"embeddable":true,"href":"https:\/\/www.caririemacao.com\/1\/wp-json\/wp\/v2\/media\/79551"}],"wp:attachment":[{"href":"https:\/\/www.caririemacao.com\/1\/wp-json\/wp\/v2\/media?parent=79550"}],"wp:term":[{"taxonomy":"category","embeddable":true,"href":"https:\/\/www.caririemacao.com\/1\/wp-json\/wp\/v2\/categories?post=79550"},{"taxonomy":"post_tag","embeddable":true,"href":"https:\/\/www.caririemacao.com\/1\/wp-json\/wp\/v2\/tags?post=79550"}],"curies":[{"name":"wp","href":"https:\/\/api.w.org\/{rel}","templated":true}]}}