{"id":79553,"date":"2019-01-04T22:24:36","date_gmt":"2019-01-05T01:24:36","guid":{"rendered":"http:\/\/www.caririemacao.com\/1\/?p=79553"},"modified":"2019-01-04T22:24:36","modified_gmt":"2019-01-05T01:24:36","slug":"matriculas-da-rede-municipal-de-ensino-de-monteiro-seguem-ate-a-proxima-sexta-feira","status":"publish","type":"post","link":"https:\/\/www.caririemacao.com\/1\/2019\/01\/04\/matriculas-da-rede-municipal-de-ensino-de-monteiro-seguem-ate-a-proxima-sexta-feira\/","title":{"rendered":"Matr\u00edculas da rede Municipal de Ensino de Monteiro seguem at\u00e9 a pr\u00f3xima sexta-feira"},"content":{"rendered":"<p>As matr\u00edculas para os alunos novatos da Educa\u00e7\u00e3o Infantil e as s\u00e9ries finais do Ensino Fundamental est\u00e3o abertas desde o dia 02 e est\u00e3o previstas para encerrar no dia 11 de janeiro. Para os alunos interessados em<\/p>\n<p>Para efetuar a matr\u00edcula na Rede Municipal de Ensino os interessados dever\u00e3o entregar para fins de arquivo na Institui\u00e7\u00e3o de Ensino, os seguintes documentos:<\/p>\n<p>Xerox da Certid\u00e3o de Nascimento; CPF da crian\u00e7a ou adolescente; c\u00f3pia <img fetchpriority=\"high\" decoding=\"async\" class=\"size-medium wp-image-31578 alignleft\" src=\"http:\/\/www.vitrinedocariri.com.br\/wp-content\/uploads\/2019\/01\/Volta-\u00e0s-Aulas2-300x200.jpg\" alt=\"\" width=\"300\" height=\"200\" \/>do documento escolar que comprove a escolaridade anterior declara\u00e7\u00e3o ou e Hist\u00f3rico Escolar; xerox do comprovante de resid\u00eancia atualizado dos pais e\/ou respons\u00e1veis; da carteira de vacina\u00e7\u00e3o do aluno, com esquema completo de vacinas; do Cart\u00e3o Nacional de Sa\u00fade ( Cart\u00e3o do SUS); do cart\u00e3o do Bolsa Fam\u00edlia e o n\u00famero de identifica\u00e7\u00e3o Social (NIS)<\/p>\n<p>Toda a documenta\u00e7\u00e3o exigida dever\u00e1 ser apresentada no ato da matr\u00edcula na escola escolhida pela fam\u00edlia. A secret\u00e1ria de Educa\u00e7\u00e3o, Ana Lima, informa que a matr\u00edcula somente ser\u00e1 efetuada com a <img decoding=\"async\" class=\"size-medium wp-image-31580 alignleft lazyload\" data-src=\"http:\/\/www.vitrinedocariri.com.br\/wp-content\/uploads\/2019\/01\/Volta-\u00e0s-Aulas4-300x200.jpg\" alt=\"\" width=\"300\" height=\"200\" src=\"data:image\/svg+xml;base64,PHN2ZyB3aWR0aD0iMSIgaGVpZ2h0PSIxIiB4bWxucz0iaHR0cDovL3d3dy53My5vcmcvMjAwMC9zdmciPjwvc3ZnPg==\" style=\"--smush-placeholder-width: 300px; --smush-placeholder-aspect-ratio: 300\/200;\" \/>presen\u00e7a dos pais, respons\u00e1veis ou do pr\u00f3prio aluno caso seja maior de 18 anos.<\/p>\n<p>O edital contendo todas as informa\u00e7\u00f5es necess\u00e1rias sobre vagas e demais disposi\u00e7\u00f5es sobre as matr\u00edculas pode ser acessado atrav\u00e9s do link: http:\/\/www.monteiro.pb.gov.br\/leg?&amp;cat=14&amp;ano=2018 assim como nas escolas e na pr\u00f3pria secretaria de Educa\u00e7\u00e3o.<\/p>\n<p>As aulas da Rede Municipal est\u00e3o previstas para iniciar no dia 05 de fevereiro reunindo mais de 5 mil alunos inseridos na Educa\u00e7\u00e3o Infantil, Ensino Fundamental I e II, bem como EJA, tanto na cidade quanto na zona rural<\/p>\n","protected":false},"excerpt":{"rendered":"<p>As matr\u00edculas para os alunos novatos da Educa\u00e7\u00e3o Infantil e as s\u00e9ries finais do Ensino Fundamental est\u00e3o abertas desde o dia 02 e est\u00e3o previstas&hellip; <\/p>\n","protected":false},"author":1,"featured_media":63402,"comment_status":"closed","ping_status":"closed","sticky":false,"template":"","format":"standard","meta":{"sfsi_plus_gutenberg_text_before_share":"","sfsi_plus_gutenberg_show_text_before_share":"","sfsi_plus_gutenberg_icon_type":"","sfsi_plus_gutenberg_icon_alignemt":"","sfsi_plus_gutenburg_max_per_row":"","footnotes":""},"categories":[6],"tags":[],"class_list":["post-79553","post","type-post","status-publish","format-standard","has-post-thumbnail","hentry","category-cidades"],"_links":{"self":[{"href":"https:\/\/www.caririemacao.com\/1\/wp-json\/wp\/v2\/posts\/79553","targetHints":{"allow":["GET"]}}],"collection":[{"href":"https:\/\/www.caririemacao.com\/1\/wp-json\/wp\/v2\/posts"}],"about":[{"href":"https:\/\/www.caririemacao.com\/1\/wp-json\/wp\/v2\/types\/post"}],"author":[{"embeddable":true,"href":"https:\/\/www.caririemacao.com\/1\/wp-json\/wp\/v2\/users\/1"}],"replies":[{"embeddable":true,"href":"https:\/\/www.caririemacao.com\/1\/wp-json\/wp\/v2\/comments?post=79553"}],"version-history":[{"count":1,"href":"https:\/\/www.caririemacao.com\/1\/wp-json\/wp\/v2\/posts\/79553\/revisions"}],"predecessor-version":[{"id":79555,"href":"https:\/\/www.caririemacao.com\/1\/wp-json\/wp\/v2\/posts\/79553\/revisions\/79555"}],"wp:featuredmedia":[{"embeddable":true,"href":"https:\/\/www.caririemacao.com\/1\/wp-json\/wp\/v2\/media\/63402"}],"wp:attachment":[{"href":"https:\/\/www.caririemacao.com\/1\/wp-json\/wp\/v2\/media?parent=79553"}],"wp:term":[{"taxonomy":"category","embeddable":true,"href":"https:\/\/www.caririemacao.com\/1\/wp-json\/wp\/v2\/categories?post=79553"},{"taxonomy":"post_tag","embeddable":true,"href":"https:\/\/www.caririemacao.com\/1\/wp-json\/wp\/v2\/tags?post=79553"}],"curies":[{"name":"wp","href":"https:\/\/api.w.org\/{rel}","templated":true}]}}