{"id":79556,"date":"2019-01-04T22:26:59","date_gmt":"2019-01-05T01:26:59","guid":{"rendered":"http:\/\/www.caririemacao.com\/1\/?p=79556"},"modified":"2019-01-04T22:26:59","modified_gmt":"2019-01-05T01:26:59","slug":"desenvolvimento-social-de-monteiro-convida-beneficiarios-do-nenem-fortinho-para-reuniao","status":"publish","type":"post","link":"https:\/\/www.caririemacao.com\/1\/2019\/01\/04\/desenvolvimento-social-de-monteiro-convida-beneficiarios-do-nenem-fortinho-para-reuniao\/","title":{"rendered":"Desenvolvimento Social de Monteiro convida benefici\u00e1rios do Nen\u00e9m Fortinho para reuni\u00e3o"},"content":{"rendered":"<p>Na pr\u00f3xima ter\u00e7a-feira, 08, a Secretaria de Desenvolvimento Social atrav\u00e9s do CRAS realizar\u00e1 uma reuni\u00e3o com os pais e respons\u00e1veis beneficiados com o programa municipal de assist\u00eancia alimentar Nen\u00e9m Fortinho.<\/p>\n<p>O intuito principal da reuni\u00e3o ser\u00e1 a renova\u00e7\u00e3o do cadastro. A secret\u00e1ria Rosa Aleixo ainda informa que ser\u00e3o repassadas outras diretrizes para o programa. \u201c\u00c9 muito importante que todos compare\u00e7am, renovem o cadastro e fiquem atentos \u00e0s demais informa\u00e7\u00f5es que ser\u00e3o repassadas no momento\u201d.<\/p>\n<p><img fetchpriority=\"high\" decoding=\"async\" class=\"size-medium wp-image-31571 alignleft\" src=\"http:\/\/www.vitrinedocariri.com.br\/wp-content\/uploads\/2019\/01\/Nenem-Fortinho-20183-300x200.jpg\" alt=\"\" width=\"300\" height=\"200\" \/>A reuni\u00e3o acontece na sede do CRAS localizada na Vila Santa Maria, pontualmente \u00e0s 09 horas.<\/p>\n<p>O Programa Nen\u00e9m Fortinho, atualmente beneficia aproximadamente 200 crian\u00e7as com idade de 06 meses \u00e0 03 anos cujas m\u00e3es estejam em situa\u00e7\u00e3o de vulnerabilidade e que tamb\u00e9m esteja\u00a0 no Sistema de Cadastro \u00danico do Governo Federal. Cada m\u00e3e recebe a cada m\u00eas um kit contendo complemento aliment\u00edcio a base de arroz e trigo adicionados de vitaminas, cereais e leite.<\/p>\n<p><img decoding=\"async\" class=\"size-medium wp-image-31572 alignleft lazyload\" data-src=\"http:\/\/www.vitrinedocariri.com.br\/wp-content\/uploads\/2019\/01\/Nenem-Fortinho-20184-300x200.jpg\" alt=\"\" width=\"300\" height=\"200\" src=\"data:image\/svg+xml;base64,PHN2ZyB3aWR0aD0iMSIgaGVpZ2h0PSIxIiB4bWxucz0iaHR0cDovL3d3dy53My5vcmcvMjAwMC9zdmciPjwvc3ZnPg==\" style=\"--smush-placeholder-width: 300px; --smush-placeholder-aspect-ratio: 300\/200;\" \/>\u201cAl\u00e9m da doa\u00e7\u00e3o dos produtos aliment\u00edcios, as m\u00e3es tamb\u00e9m recebem orienta\u00e7\u00e3o social. O\u00a0 Programa Nen\u00e9m Fortinho respeita o per\u00edodo de amamenta\u00e7\u00e3o, j\u00e1 que as crian\u00e7as atendidas j\u00e1 est\u00e3o na fase em que podem receber alimentos que n\u00e3o sejam s\u00f3 o leite materno.\u201d Disse Rosa Aleixo, Secret\u00e1ria da pasta.<\/p>\n<p>O programa social \u00e9 coordenado pelo CRAS que funciona das 7:30 \u00e0s 11:30 e das 13:30 \u00e0s\u00a0 16:30h de segunda a sexta-feira<\/p>\n","protected":false},"excerpt":{"rendered":"<p>Na pr\u00f3xima ter\u00e7a-feira, 08, a Secretaria de Desenvolvimento Social atrav\u00e9s do CRAS realizar\u00e1 uma reuni\u00e3o com os pais e respons\u00e1veis beneficiados com o programa municipal&hellip; <\/p>\n","protected":false},"author":1,"featured_media":29485,"comment_status":"closed","ping_status":"closed","sticky":false,"template":"","format":"standard","meta":{"sfsi_plus_gutenberg_text_before_share":"","sfsi_plus_gutenberg_show_text_before_share":"","sfsi_plus_gutenberg_icon_type":"","sfsi_plus_gutenberg_icon_alignemt":"","sfsi_plus_gutenburg_max_per_row":"","footnotes":""},"categories":[6],"tags":[],"class_list":["post-79556","post","type-post","status-publish","format-standard","has-post-thumbnail","hentry","category-cidades"],"_links":{"self":[{"href":"https:\/\/www.caririemacao.com\/1\/wp-json\/wp\/v2\/posts\/79556","targetHints":{"allow":["GET"]}}],"collection":[{"href":"https:\/\/www.caririemacao.com\/1\/wp-json\/wp\/v2\/posts"}],"about":[{"href":"https:\/\/www.caririemacao.com\/1\/wp-json\/wp\/v2\/types\/post"}],"author":[{"embeddable":true,"href":"https:\/\/www.caririemacao.com\/1\/wp-json\/wp\/v2\/users\/1"}],"replies":[{"embeddable":true,"href":"https:\/\/www.caririemacao.com\/1\/wp-json\/wp\/v2\/comments?post=79556"}],"version-history":[{"count":1,"href":"https:\/\/www.caririemacao.com\/1\/wp-json\/wp\/v2\/posts\/79556\/revisions"}],"predecessor-version":[{"id":79557,"href":"https:\/\/www.caririemacao.com\/1\/wp-json\/wp\/v2\/posts\/79556\/revisions\/79557"}],"wp:featuredmedia":[{"embeddable":true,"href":"https:\/\/www.caririemacao.com\/1\/wp-json\/wp\/v2\/media\/29485"}],"wp:attachment":[{"href":"https:\/\/www.caririemacao.com\/1\/wp-json\/wp\/v2\/media?parent=79556"}],"wp:term":[{"taxonomy":"category","embeddable":true,"href":"https:\/\/www.caririemacao.com\/1\/wp-json\/wp\/v2\/categories?post=79556"},{"taxonomy":"post_tag","embeddable":true,"href":"https:\/\/www.caririemacao.com\/1\/wp-json\/wp\/v2\/tags?post=79556"}],"curies":[{"name":"wp","href":"https:\/\/api.w.org\/{rel}","templated":true}]}}