{"id":79568,"date":"2019-01-04T22:51:35","date_gmt":"2019-01-05T01:51:35","guid":{"rendered":"http:\/\/www.caririemacao.com\/1\/?p=79568"},"modified":"2019-01-04T22:51:35","modified_gmt":"2019-01-05T01:51:35","slug":"bolsonaro-sanciona-lei-que-permite-faltar-a-aula-por-motivo-religioso","status":"publish","type":"post","link":"https:\/\/www.caririemacao.com\/1\/2019\/01\/04\/bolsonaro-sanciona-lei-que-permite-faltar-a-aula-por-motivo-religioso\/","title":{"rendered":"Bolsonaro sanciona lei que permite faltar \u00e0 aula por motivo religioso"},"content":{"rendered":"<p>Estudantes poder\u00e3o faltar aulas e provas por motivos religiosos. \u00c9 que estabelece lei sancionada pelo presidente Jair Bolsonaro e publicada no Di\u00e1rio Oficial da Uni\u00e3o de hoje (4).<\/p>\n<p>A lei entrar\u00e1 em vigor em 60 dias, em mar\u00e7o. A partir desse m\u00eas, as escolas ter\u00e3o ainda dois anos para tomar as provid\u00eancias e fazer as adapta\u00e7\u00f5es necess\u00e1rias para colocar a medida em pr\u00e1tica.<\/p>\n<p>A nova lei estabelece que estudantes de escolas e universidades p\u00fablicas e privadas poder\u00e3o se ausentar de provas ou aulas, em dias que, \u201csegundo os preceitos de sua religi\u00e3o, seja vedado o exerc\u00edcio de tais atividades\u201d. Para isso, os estudantes ter\u00e3o que apresentar um requerimento com a devida anteced\u00eancia.<\/p>\n<p>Para repor as atividades, as institui\u00e7\u00f5es de ensino poder\u00e3o aplicar prova ou aula de reposi\u00e7\u00e3o, conforme o caso. Poder\u00e3o ainda solicitar dos alunos um trabalho escrito ou outra modalidade de atividade de pesquisa. Os estudantes que fizerem essas atividades ter\u00e3o garantida a presen\u00e7a.<\/p>\n<p>A lei n\u00e3o se aplica, no entanto, \u00e0s escolas militares. Isso porque o ensino militar \u00e9 regulado em lei espec\u00edfica, admitida a equival\u00eancia de estudos, de acordo com as normas fixadas pelos sistemas de ensino.<\/p>\n<p>De acordo com Ag\u00eancia Senado, a estimativa de l\u00edderes religiosos \u00e9 que cerca de 2 milh\u00f5es de brasileiros guardam o s\u00e1bado e, por raz\u00f5es de f\u00e9, n\u00e3o podem estudar ou trabalhar at\u00e9 o p\u00f4r do sol.<\/p>\n","protected":false},"excerpt":{"rendered":"<p>Estudantes poder\u00e3o faltar aulas e provas por motivos religiosos. \u00c9 que estabelece lei sancionada pelo presidente Jair Bolsonaro e publicada no Di\u00e1rio Oficial da Uni\u00e3o&hellip; <\/p>\n","protected":false},"author":1,"featured_media":68658,"comment_status":"closed","ping_status":"closed","sticky":false,"template":"","format":"standard","meta":{"sfsi_plus_gutenberg_text_before_share":"","sfsi_plus_gutenberg_show_text_before_share":"","sfsi_plus_gutenberg_icon_type":"","sfsi_plus_gutenberg_icon_alignemt":"","sfsi_plus_gutenburg_max_per_row":"","footnotes":""},"categories":[50,11],"tags":[],"class_list":["post-79568","post","type-post","status-publish","format-standard","has-post-thumbnail","hentry","category-destaque","category-politica"],"_links":{"self":[{"href":"https:\/\/www.caririemacao.com\/1\/wp-json\/wp\/v2\/posts\/79568","targetHints":{"allow":["GET"]}}],"collection":[{"href":"https:\/\/www.caririemacao.com\/1\/wp-json\/wp\/v2\/posts"}],"about":[{"href":"https:\/\/www.caririemacao.com\/1\/wp-json\/wp\/v2\/types\/post"}],"author":[{"embeddable":true,"href":"https:\/\/www.caririemacao.com\/1\/wp-json\/wp\/v2\/users\/1"}],"replies":[{"embeddable":true,"href":"https:\/\/www.caririemacao.com\/1\/wp-json\/wp\/v2\/comments?post=79568"}],"version-history":[{"count":1,"href":"https:\/\/www.caririemacao.com\/1\/wp-json\/wp\/v2\/posts\/79568\/revisions"}],"predecessor-version":[{"id":79569,"href":"https:\/\/www.caririemacao.com\/1\/wp-json\/wp\/v2\/posts\/79568\/revisions\/79569"}],"wp:featuredmedia":[{"embeddable":true,"href":"https:\/\/www.caririemacao.com\/1\/wp-json\/wp\/v2\/media\/68658"}],"wp:attachment":[{"href":"https:\/\/www.caririemacao.com\/1\/wp-json\/wp\/v2\/media?parent=79568"}],"wp:term":[{"taxonomy":"category","embeddable":true,"href":"https:\/\/www.caririemacao.com\/1\/wp-json\/wp\/v2\/categories?post=79568"},{"taxonomy":"post_tag","embeddable":true,"href":"https:\/\/www.caririemacao.com\/1\/wp-json\/wp\/v2\/tags?post=79568"}],"curies":[{"name":"wp","href":"https:\/\/api.w.org\/{rel}","templated":true}]}}