{"id":79574,"date":"2019-01-05T06:59:22","date_gmt":"2019-01-05T09:59:22","guid":{"rendered":"http:\/\/www.caririemacao.com\/1\/?p=79574"},"modified":"2019-01-05T06:59:22","modified_gmt":"2019-01-05T09:59:22","slug":"nero-toma-posse-como-presidente-da-camara-de-caraubas","status":"publish","type":"post","link":"https:\/\/www.caririemacao.com\/1\/2019\/01\/05\/nero-toma-posse-como-presidente-da-camara-de-caraubas\/","title":{"rendered":"Nero toma posse como presidente da C\u00e2mara de Cara\u00fabas"},"content":{"rendered":"<p>O vereador\u00a0Jos\u00e9 Franconero Silva de Sousa, o popular \u201cNero\u201d tomou posse na noite desta sexta-feira, 04 de janeiro, como presidente da C\u00e2mara de Vereadores de Cara\u00fabas\/PB.<\/p>\n<p>A cerim\u00f4nia de posse aconteceu no plen\u00e1rio da C\u00e2mara Municipal e contou com a presen\u00e7a do prefeito Silvano Dudu, vice-prefeito Z\u00e9 de Laura, dos vereadores Nero, Fabinho, Neide, Tomaz, Teinha e Renivan, secret\u00e1rios, familiares e amigos.<\/p>\n<p><img fetchpriority=\"high\" decoding=\"async\" class=\"aligncenter wp-image-79577 size-large\" src=\"http:\/\/www.caririemacao.com\/1\/wp-content\/uploads\/2019\/01\/DSC_5500-1024x678.jpg\" alt=\"\" width=\"800\" height=\"530\" srcset=\"https:\/\/www.caririemacao.com\/1\/wp-content\/uploads\/2019\/01\/DSC_5500-1024x678.jpg 1024w, https:\/\/www.caririemacao.com\/1\/wp-content\/uploads\/2019\/01\/DSC_5500-300x199.jpg 300w, https:\/\/www.caririemacao.com\/1\/wp-content\/uploads\/2019\/01\/DSC_5500-768x509.jpg 768w, https:\/\/www.caririemacao.com\/1\/wp-content\/uploads\/2019\/01\/DSC_5500.jpg 1280w\" sizes=\"(max-width: 800px) 100vw, 800px\" \/><\/p>\n<p>Ainda na Sess\u00e3o Solene, tamb\u00e9m foram empossados o vereador Fabinho com vice-presidente, a vereadora Neide como 1\u00aa secret\u00e1ria e Tomaz como 2\u00ba secret\u00e1rio.<\/p>\n<p><img decoding=\"async\" class=\"alignnone wp-image-79576 size-large lazyload\" data-src=\"http:\/\/www.caririemacao.com\/1\/wp-content\/uploads\/2019\/01\/DSC_5602-1024x678.jpg\" alt=\"\" width=\"800\" height=\"530\" data-srcset=\"https:\/\/www.caririemacao.com\/1\/wp-content\/uploads\/2019\/01\/DSC_5602-1024x678.jpg 1024w, https:\/\/www.caririemacao.com\/1\/wp-content\/uploads\/2019\/01\/DSC_5602-300x199.jpg 300w, https:\/\/www.caririemacao.com\/1\/wp-content\/uploads\/2019\/01\/DSC_5602-768x509.jpg 768w, https:\/\/www.caririemacao.com\/1\/wp-content\/uploads\/2019\/01\/DSC_5602.jpg 1280w\" data-sizes=\"(max-width: 800px) 100vw, 800px\" src=\"data:image\/svg+xml;base64,PHN2ZyB3aWR0aD0iMSIgaGVpZ2h0PSIxIiB4bWxucz0iaHR0cDovL3d3dy53My5vcmcvMjAwMC9zdmciPjwvc3ZnPg==\" style=\"--smush-placeholder-width: 800px; --smush-placeholder-aspect-ratio: 800\/530;\" \/><\/p>\n<p>Em entrevista ao Cariri em A\u00e7\u00e3o, o presidente Nero falou que sua posse \u00e9 a continuidade das a\u00e7\u00f5es do munic\u00edpio de Cara\u00fabas. \u201cEu tenho certeza que todos que aqui est\u00e3o quer o melhor para Cara\u00fabas, quer que a coisa aconte\u00e7a,\u00a0 \u00e9 por isso que estamos aqui no dia de hoje, esse \u00e9 o nosso papel, queremos ajudar o desenvolvimento de nossa cidade&#8221;, comentou.<\/p>\n<p>VEJA MAIS FOTOS DA POSSE DO PRESIDENTE NERO. <a href=\"https:\/\/www.facebook.com\/media\/set\/?set=a.1447536755382343&amp;type=1&amp;l=0e091b7c44\">CLIQUE AQUI.<\/a><\/p>\n<p><div class=\"ose- ose-uid-e008a0d10ddc4bededed3b3900cc71d7 ose-embedpress-responsive\" style=\"width:600px; height:550px; max-height:550px; max-width:100%; display:inline-block;\" data-embed-type=\"Facebook\"><iframe allowFullScreen=\"true\" class=\"embera-facebook-iframe-66f6c lazyload\" data-src=\"https:\/\/www.facebook.com\/plugins\/post.php?href=https%3A%2F%2Fwww.facebook.com%2Fmedia%2Fset%2F%3Fset%3Da.1447536755382343%26%23038%3Btype%3D1%26%23038%3Bl%3D0e091b7c44&width=600&height=550&show_text=true\" width=\"600\" height=\"550\" style=\"border:none;overflow:hidden\" scrolling=\"no\" frameborder=\"0\" allowTransparency=\"true\" src=\"data:image\/svg+xml;base64,PHN2ZyB3aWR0aD0iMSIgaGVpZ2h0PSIxIiB4bWxucz0iaHR0cDovL3d3dy53My5vcmcvMjAwMC9zdmciPjwvc3ZnPg==\" data-load-mode=\"1\"><\/iframe><\/div><\/p>\n","protected":false},"excerpt":{"rendered":"<p>O vereador\u00a0Jos\u00e9 Franconero Silva de Sousa, o popular \u201cNero\u201d tomou posse na noite desta sexta-feira, 04 de janeiro, como presidente da C\u00e2mara de Vereadores de&hellip; <\/p>\n","protected":false},"author":2,"featured_media":79575,"comment_status":"closed","ping_status":"closed","sticky":false,"template":"","format":"standard","meta":{"sfsi_plus_gutenberg_text_before_share":"","sfsi_plus_gutenberg_show_text_before_share":"","sfsi_plus_gutenberg_icon_type":"","sfsi_plus_gutenberg_icon_alignemt":"","sfsi_plus_gutenburg_max_per_row":"","footnotes":""},"categories":[11],"tags":[],"class_list":["post-79574","post","type-post","status-publish","format-standard","has-post-thumbnail","hentry","category-politica"],"_links":{"self":[{"href":"https:\/\/www.caririemacao.com\/1\/wp-json\/wp\/v2\/posts\/79574","targetHints":{"allow":["GET"]}}],"collection":[{"href":"https:\/\/www.caririemacao.com\/1\/wp-json\/wp\/v2\/posts"}],"about":[{"href":"https:\/\/www.caririemacao.com\/1\/wp-json\/wp\/v2\/types\/post"}],"author":[{"embeddable":true,"href":"https:\/\/www.caririemacao.com\/1\/wp-json\/wp\/v2\/users\/2"}],"replies":[{"embeddable":true,"href":"https:\/\/www.caririemacao.com\/1\/wp-json\/wp\/v2\/comments?post=79574"}],"version-history":[{"count":1,"href":"https:\/\/www.caririemacao.com\/1\/wp-json\/wp\/v2\/posts\/79574\/revisions"}],"predecessor-version":[{"id":79579,"href":"https:\/\/www.caririemacao.com\/1\/wp-json\/wp\/v2\/posts\/79574\/revisions\/79579"}],"wp:featuredmedia":[{"embeddable":true,"href":"https:\/\/www.caririemacao.com\/1\/wp-json\/wp\/v2\/media\/79575"}],"wp:attachment":[{"href":"https:\/\/www.caririemacao.com\/1\/wp-json\/wp\/v2\/media?parent=79574"}],"wp:term":[{"taxonomy":"category","embeddable":true,"href":"https:\/\/www.caririemacao.com\/1\/wp-json\/wp\/v2\/categories?post=79574"},{"taxonomy":"post_tag","embeddable":true,"href":"https:\/\/www.caririemacao.com\/1\/wp-json\/wp\/v2\/tags?post=79574"}],"curies":[{"name":"wp","href":"https:\/\/api.w.org\/{rel}","templated":true}]}}