{"id":79586,"date":"2019-01-05T08:11:10","date_gmt":"2019-01-05T11:11:10","guid":{"rendered":"http:\/\/www.caririemacao.com\/1\/?p=79586"},"modified":"2019-01-05T08:11:10","modified_gmt":"2019-01-05T11:11:10","slug":"hospital-da-suecia-investiga-possivel-caso-de-contagio-de-ebola","status":"publish","type":"post","link":"https:\/\/www.caririemacao.com\/1\/2019\/01\/05\/hospital-da-suecia-investiga-possivel-caso-de-contagio-de-ebola\/","title":{"rendered":"Hospital da Su\u00e9cia investiga poss\u00edvel caso de cont\u00e1gio de ebola"},"content":{"rendered":"<div class=\"noticiacorpo\">\n<div class=\"mc-column content-text active-extra-styles active-capital-letter\" data-block-type=\"unstyled\" data-block-weight=\"26\" data-block-id=\"2\">\n<p class=\"content-text__container theme-color-primary-first-letter\" data-track-category=\"Link no Texto\">As autoridades de sa\u00fade da\u00a0<a href=\"https:\/\/g1.globo.com\/tudo-sobre\/suecia\/\">Su\u00e9cia\u00a0<\/a>isolaram um paciente nesta sexta-feira (4) no Hospital de Uppsala, perto de Estocolmo, com poss\u00edvel caso de cont\u00e1gio de ebola.<\/p>\n<\/div>\n<div class=\"wall protected-content\">\n<div class=\"mc-column content-text active-extra-styles \" data-block-type=\"unstyled\" data-block-weight=\"30\" data-block-id=\"3\">\n<p class=\"content-text__container \" data-track-category=\"Link no Texto\">Inicialmente, o paciente compareceu \u00e0 emerg\u00eancia de um hospital em Enk\u00f6ping, mas foi transferido para perto da capital do pa\u00eds, onde permanecer\u00e1 isolado, de acordo com as autoridades de Uppsala.<\/p>\n<\/div>\n<div class=\"mc-column content-text active-extra-styles \" data-block-type=\"unstyled\" data-block-weight=\"24\" data-block-id=\"4\">\n<p class=\"content-text__container \" data-track-category=\"Link no Texto\">Em Enk\u00f6ping, a sala de emerg\u00eancia foi fechada ao p\u00fablico como medida de precau\u00e7\u00e3o. Os funcion\u00e1rios que atenderam o paciente est\u00e3o recebendo atendimento m\u00e9dico.<\/p>\n<p class=\"content-text__container \" data-track-category=\"Link no Texto\">&#8220;Teremos provavelmente o resultado dos exames ainda nesta noite. Por enquanto, \u00e9 s\u00f3 uma suspeita. \u00c9 poss\u00edvel que se trate de outra doen\u00e7a&#8221;, diz comunicado oficial.<\/p>\n<\/div>\n<div class=\"mc-column content-text active-extra-styles \" data-block-type=\"unstyled\" data-block-weight=\"32\" data-block-id=\"6\">\n<p class=\"content-text__container \" data-track-category=\"Link no Texto\">Em declara\u00e7\u00f5es ao portal local de not\u00edcias &#8220;unt.se&#8221;, o m\u00e9dico-chefe da regi\u00e3o de Uppsala, Mikael K\u00f6hler, explicou que o paciente tinha comparecido ao hospital porque vomitava sangue, um dos sintomas do ebola.<\/p>\n<\/div>\n<\/div>\n<\/div>\n<p class=\"noticia_fonte\">G1<\/p>\n","protected":false},"excerpt":{"rendered":"<p>As autoridades de sa\u00fade da\u00a0Su\u00e9cia\u00a0isolaram um paciente nesta sexta-feira (4) no Hospital de Uppsala, perto de Estocolmo, com poss\u00edvel caso de cont\u00e1gio de ebola. Inicialmente,&hellip; <\/p>\n","protected":false},"author":1,"featured_media":79587,"comment_status":"closed","ping_status":"closed","sticky":false,"template":"","format":"standard","meta":{"sfsi_plus_gutenberg_text_before_share":"","sfsi_plus_gutenberg_show_text_before_share":"","sfsi_plus_gutenberg_icon_type":"","sfsi_plus_gutenberg_icon_alignemt":"","sfsi_plus_gutenburg_max_per_row":"","footnotes":""},"categories":[16],"tags":[],"class_list":["post-79586","post","type-post","status-publish","format-standard","has-post-thumbnail","hentry","category-saude"],"_links":{"self":[{"href":"https:\/\/www.caririemacao.com\/1\/wp-json\/wp\/v2\/posts\/79586","targetHints":{"allow":["GET"]}}],"collection":[{"href":"https:\/\/www.caririemacao.com\/1\/wp-json\/wp\/v2\/posts"}],"about":[{"href":"https:\/\/www.caririemacao.com\/1\/wp-json\/wp\/v2\/types\/post"}],"author":[{"embeddable":true,"href":"https:\/\/www.caririemacao.com\/1\/wp-json\/wp\/v2\/users\/1"}],"replies":[{"embeddable":true,"href":"https:\/\/www.caririemacao.com\/1\/wp-json\/wp\/v2\/comments?post=79586"}],"version-history":[{"count":1,"href":"https:\/\/www.caririemacao.com\/1\/wp-json\/wp\/v2\/posts\/79586\/revisions"}],"predecessor-version":[{"id":79588,"href":"https:\/\/www.caririemacao.com\/1\/wp-json\/wp\/v2\/posts\/79586\/revisions\/79588"}],"wp:featuredmedia":[{"embeddable":true,"href":"https:\/\/www.caririemacao.com\/1\/wp-json\/wp\/v2\/media\/79587"}],"wp:attachment":[{"href":"https:\/\/www.caririemacao.com\/1\/wp-json\/wp\/v2\/media?parent=79586"}],"wp:term":[{"taxonomy":"category","embeddable":true,"href":"https:\/\/www.caririemacao.com\/1\/wp-json\/wp\/v2\/categories?post=79586"},{"taxonomy":"post_tag","embeddable":true,"href":"https:\/\/www.caririemacao.com\/1\/wp-json\/wp\/v2\/tags?post=79586"}],"curies":[{"name":"wp","href":"https:\/\/api.w.org\/{rel}","templated":true}]}}