{"id":79590,"date":"2019-01-05T08:14:35","date_gmt":"2019-01-05T11:14:35","guid":{"rendered":"http:\/\/www.caririemacao.com\/1\/?p=79590"},"modified":"2019-01-05T08:14:35","modified_gmt":"2019-01-05T11:14:35","slug":"gangue-da-marcha-a-re-arromba-loja-no-cariri-e-leva-celulares-e-televisores","status":"publish","type":"post","link":"https:\/\/www.caririemacao.com\/1\/2019\/01\/05\/gangue-da-marcha-a-re-arromba-loja-no-cariri-e-leva-celulares-e-televisores\/","title":{"rendered":"&#8216;Gangue da Marcha \u00e0 R\u00e9\u2019 arromba loja no Cariri e leva celulares e televisores"},"content":{"rendered":"<p>Quatro homens ainda n\u00e3o indenficados arrombaram uma loja do grupo Moveletro, na cidade de Cabaceiras, no Cariri, por volta das 2h da madrugada deste s\u00e1bado (5).<\/p>\n<p>De acordo com informa\u00e7\u00f5es de populares, os criminosos levaram celulares, televisores e aparelhos de som.<\/p>\n<p>O grupo de criminosos usou um carro para arrombar a porta da loja. Um vigilante da rua foi feito ref\u00e9m e liberado ap\u00f3s a a\u00e7\u00e3o.<\/p>\n<p>A pr\u00e1tica de arrombar estabelecimentos comerciais com carro ficou conhecida de Gangue da Marcha \u00e0 R\u00e9.<\/p>\n<p>Em breve, mais informa\u00e7\u00f5es.<\/p>\n<p><img fetchpriority=\"high\" decoding=\"async\" class=\"size-medium wp-image-7062 aligncenter\" src=\"http:\/\/www.blogdobrunolira.com.br\/wp-content\/uploads\/2019\/01\/IMG_20190105_060150079-300x225.jpg\" sizes=\"(max-width: 300px) 100vw, 300px\" srcset=\"http:\/\/www.blogdobrunolira.com.br\/wp-content\/uploads\/2019\/01\/IMG_20190105_060150079-300x225.jpg 300w, http:\/\/www.blogdobrunolira.com.br\/wp-content\/uploads\/2019\/01\/IMG_20190105_060150079-768x576.jpg 768w, http:\/\/www.blogdobrunolira.com.br\/wp-content\/uploads\/2019\/01\/IMG_20190105_060150079-1024x768.jpg 1024w\" alt=\"\" width=\"300\" height=\"225\" data-attachment-id=\"7062\" data-permalink=\"http:\/\/www.blogdobrunolira.com.br\/2019\/01\/gangue-da-marcha-a-re-arromba-loja-no-cariri-e-leva-celulares-e-televisores\/img_20190105_060150079\/\" data-orig-file=\"http:\/\/www.blogdobrunolira.com.br\/wp-content\/uploads\/2019\/01\/IMG_20190105_060150079.jpg\" data-orig-size=\"4032,3024\" data-comments-opened=\"1\" data-image-meta=\"{&quot;aperture&quot;:&quot;1.7&quot;,&quot;credit&quot;:&quot;&quot;,&quot;camera&quot;:&quot;Moto G (5) Plus&quot;,&quot;caption&quot;:&quot;&quot;,&quot;created_timestamp&quot;:&quot;1546668110&quot;,&quot;copyright&quot;:&quot;&quot;,&quot;focal_length&quot;:&quot;4.28&quot;,&quot;iso&quot;:&quot;64&quot;,&quot;shutter_speed&quot;:&quot;0.0015527950310559&quot;,&quot;title&quot;:&quot;&quot;,&quot;orientation&quot;:&quot;0&quot;}\" data-image-title=\"IMG_20190105_060150079\" data-image-description=\"\" data-medium-file=\"http:\/\/www.blogdobrunolira.com.br\/wp-content\/uploads\/2019\/01\/IMG_20190105_060150079-300x225.jpg\" data-large-file=\"http:\/\/www.blogdobrunolira.com.br\/wp-content\/uploads\/2019\/01\/IMG_20190105_060150079-1024x768.jpg\" \/><\/p>\n","protected":false},"excerpt":{"rendered":"<p>Quatro homens ainda n\u00e3o indenficados arrombaram uma loja do grupo Moveletro, na cidade de Cabaceiras, no Cariri, por volta das 2h da madrugada deste s\u00e1bado&hellip; <\/p>\n","protected":false},"author":1,"featured_media":79591,"comment_status":"closed","ping_status":"closed","sticky":false,"template":"","format":"standard","meta":{"sfsi_plus_gutenberg_text_before_share":"","sfsi_plus_gutenberg_show_text_before_share":"","sfsi_plus_gutenberg_icon_type":"","sfsi_plus_gutenberg_icon_alignemt":"","sfsi_plus_gutenburg_max_per_row":"","footnotes":""},"categories":[12],"tags":[],"class_list":["post-79590","post","type-post","status-publish","format-standard","has-post-thumbnail","hentry","category-policia"],"_links":{"self":[{"href":"https:\/\/www.caririemacao.com\/1\/wp-json\/wp\/v2\/posts\/79590","targetHints":{"allow":["GET"]}}],"collection":[{"href":"https:\/\/www.caririemacao.com\/1\/wp-json\/wp\/v2\/posts"}],"about":[{"href":"https:\/\/www.caririemacao.com\/1\/wp-json\/wp\/v2\/types\/post"}],"author":[{"embeddable":true,"href":"https:\/\/www.caririemacao.com\/1\/wp-json\/wp\/v2\/users\/1"}],"replies":[{"embeddable":true,"href":"https:\/\/www.caririemacao.com\/1\/wp-json\/wp\/v2\/comments?post=79590"}],"version-history":[{"count":1,"href":"https:\/\/www.caririemacao.com\/1\/wp-json\/wp\/v2\/posts\/79590\/revisions"}],"predecessor-version":[{"id":79592,"href":"https:\/\/www.caririemacao.com\/1\/wp-json\/wp\/v2\/posts\/79590\/revisions\/79592"}],"wp:featuredmedia":[{"embeddable":true,"href":"https:\/\/www.caririemacao.com\/1\/wp-json\/wp\/v2\/media\/79591"}],"wp:attachment":[{"href":"https:\/\/www.caririemacao.com\/1\/wp-json\/wp\/v2\/media?parent=79590"}],"wp:term":[{"taxonomy":"category","embeddable":true,"href":"https:\/\/www.caririemacao.com\/1\/wp-json\/wp\/v2\/categories?post=79590"},{"taxonomy":"post_tag","embeddable":true,"href":"https:\/\/www.caririemacao.com\/1\/wp-json\/wp\/v2\/tags?post=79590"}],"curies":[{"name":"wp","href":"https:\/\/api.w.org\/{rel}","templated":true}]}}