{"id":79594,"date":"2019-01-05T08:19:57","date_gmt":"2019-01-05T11:19:57","guid":{"rendered":"http:\/\/www.caririemacao.com\/1\/?p=79594"},"modified":"2019-01-05T08:19:57","modified_gmt":"2019-01-05T11:19:57","slug":"paraibanos-podem-pagar-menos-pelo-litro-da-gasolina","status":"publish","type":"post","link":"https:\/\/www.caririemacao.com\/1\/2019\/01\/05\/paraibanos-podem-pagar-menos-pelo-litro-da-gasolina\/","title":{"rendered":"Paraibanos podem pagar menos pelo litro da gasolina"},"content":{"rendered":"<p>Ap\u00f3s redu\u00e7\u00e3o seguida no pre\u00e7o da gasolina nas refinarias, que pelo segundo dia apresentou baixa, passando\u00a0de R$ 1,5087 para R$ 1,4675, os motoristas da\u00a0Para\u00edba podem pagar menos pelo combust\u00edvel. O repasse ainda n\u00e3o tem data para ser efetuado, mas segundo Omar Hamad, presidente\u00a0do Sindicato do Com\u00e9rcio Varejista de Derivados de Petr\u00f3leo no Estado da Para\u00edba (Sindipetro-PB) a mudan\u00e7a pode ocorrer a qualquer momento.<\/p>\n<p>Segundo ele, o valor do litro da gasolina j\u00e1 apresenta uma redu\u00e7\u00e3o significativa de mais de R$0,50 ao longo das \u00faltimas semanas. &#8220;Com a baixa do d\u00f3lar, o pre\u00e7o dos combust\u00edveis sofre\u00a0influ\u00eancia direta e existe a possibilidade de redu\u00e7\u00e3o, mas ainda sem uma data certa&#8221;, explicou.<\/p>\n<p>A Petrobras reduziu\u00a0o pre\u00e7o da gasolina vendida nas refinarias na quinta-feira e nesta sexta-feira (4).<\/p>\n<p>De acordo com a Petrobras, a pol\u00edtica de pre\u00e7os da empresa para a gasolina e o diesel vendidos \u00e0s distribuidoras \u201ctem como base o pre\u00e7o de paridade de importa\u00e7\u00e3o, formado pelas cota\u00e7\u00f5es internacionais destes produtos mais os custos que importadores teriam, como transporte e taxas portu\u00e1rias, por exemplo\u201d.<\/p>\n<p>Segundo a estatal, essa \u201cparidade \u00e9 necess\u00e1ria porque o mercado brasileiro de combust\u00edveis \u00e9 aberto \u00e0 livre concorr\u00eancia, dando \u00e0s distribuidoras a alternativa de importar os produtos\u201d.<\/p>\n<p>A Petrobras informa ainda que \u201co pre\u00e7o considera uma margem que cobre os riscos (como volatilidade do c\u00e2mbio e dos pre\u00e7os)\u201d.<\/p>\n<p>Click PB<\/p>\n","protected":false},"excerpt":{"rendered":"<p>Ap\u00f3s redu\u00e7\u00e3o seguida no pre\u00e7o da gasolina nas refinarias, que pelo segundo dia apresentou baixa, passando\u00a0de R$ 1,5087 para R$ 1,4675, os motoristas da\u00a0Para\u00edba podem&hellip; <\/p>\n","protected":false},"author":1,"featured_media":51986,"comment_status":"closed","ping_status":"closed","sticky":false,"template":"","format":"standard","meta":{"sfsi_plus_gutenberg_text_before_share":"","sfsi_plus_gutenberg_show_text_before_share":"","sfsi_plus_gutenberg_icon_type":"","sfsi_plus_gutenberg_icon_alignemt":"","sfsi_plus_gutenburg_max_per_row":"","footnotes":""},"categories":[2],"tags":[],"class_list":["post-79594","post","type-post","status-publish","format-standard","has-post-thumbnail","hentry","category-geral"],"_links":{"self":[{"href":"https:\/\/www.caririemacao.com\/1\/wp-json\/wp\/v2\/posts\/79594","targetHints":{"allow":["GET"]}}],"collection":[{"href":"https:\/\/www.caririemacao.com\/1\/wp-json\/wp\/v2\/posts"}],"about":[{"href":"https:\/\/www.caririemacao.com\/1\/wp-json\/wp\/v2\/types\/post"}],"author":[{"embeddable":true,"href":"https:\/\/www.caririemacao.com\/1\/wp-json\/wp\/v2\/users\/1"}],"replies":[{"embeddable":true,"href":"https:\/\/www.caririemacao.com\/1\/wp-json\/wp\/v2\/comments?post=79594"}],"version-history":[{"count":1,"href":"https:\/\/www.caririemacao.com\/1\/wp-json\/wp\/v2\/posts\/79594\/revisions"}],"predecessor-version":[{"id":79595,"href":"https:\/\/www.caririemacao.com\/1\/wp-json\/wp\/v2\/posts\/79594\/revisions\/79595"}],"wp:featuredmedia":[{"embeddable":true,"href":"https:\/\/www.caririemacao.com\/1\/wp-json\/wp\/v2\/media\/51986"}],"wp:attachment":[{"href":"https:\/\/www.caririemacao.com\/1\/wp-json\/wp\/v2\/media?parent=79594"}],"wp:term":[{"taxonomy":"category","embeddable":true,"href":"https:\/\/www.caririemacao.com\/1\/wp-json\/wp\/v2\/categories?post=79594"},{"taxonomy":"post_tag","embeddable":true,"href":"https:\/\/www.caririemacao.com\/1\/wp-json\/wp\/v2\/tags?post=79594"}],"curies":[{"name":"wp","href":"https:\/\/api.w.org\/{rel}","templated":true}]}}