{"id":79597,"date":"2019-01-05T08:29:05","date_gmt":"2019-01-05T11:29:05","guid":{"rendered":"http:\/\/www.caririemacao.com\/1\/?p=79597"},"modified":"2019-01-05T08:29:05","modified_gmt":"2019-01-05T11:29:05","slug":"deputado-paraibano-comenta-sobre-apoio-do-psl-a-reeleicao-de-presidente-da-camara","status":"publish","type":"post","link":"https:\/\/www.caririemacao.com\/1\/2019\/01\/05\/deputado-paraibano-comenta-sobre-apoio-do-psl-a-reeleicao-de-presidente-da-camara\/","title":{"rendered":"Deputado paraibano comenta sobre apoio do PSL \u00e0 reelei\u00e7\u00e3o de presidente da C\u00e2mara"},"content":{"rendered":"<p>O deputado federal Julian Lemos (PSL) comentou sobre o apoio do partido \u00e0 reelei\u00e7\u00e3o do presidente da C\u00e2mara dos Deputados, Rodrigo Maia (DEM), frisando que a legenda \u00e9 muito forte dentro da Casa.<\/p>\n<p>\u2013 O PSL \u00e9 um peso muito forte. Chegando, no mais tardar, em abril ser\u00e1 a maior bancada da pa\u00eds. S\u00e3o 52 deputados eleitos, partido do presidente da Rep\u00fablica, \u00e9 um fiel da balan\u00e7a. Se ele vai ser eleito (Maia) s\u00f3 Deus sabe \u2013 explanou.<\/p>\n<p>&nbsp;<\/p>\n<p>R\u00e1dio Correio FM.<\/p>\n","protected":false},"excerpt":{"rendered":"<p>O deputado federal Julian Lemos (PSL) comentou sobre o apoio do partido \u00e0 reelei\u00e7\u00e3o do presidente da C\u00e2mara dos Deputados, Rodrigo Maia (DEM), frisando que&hellip; <\/p>\n","protected":false},"author":1,"featured_media":79598,"comment_status":"closed","ping_status":"closed","sticky":false,"template":"","format":"standard","meta":{"sfsi_plus_gutenberg_text_before_share":"","sfsi_plus_gutenberg_show_text_before_share":"","sfsi_plus_gutenberg_icon_type":"","sfsi_plus_gutenberg_icon_alignemt":"","sfsi_plus_gutenburg_max_per_row":"","footnotes":""},"categories":[11],"tags":[],"class_list":["post-79597","post","type-post","status-publish","format-standard","has-post-thumbnail","hentry","category-politica"],"_links":{"self":[{"href":"https:\/\/www.caririemacao.com\/1\/wp-json\/wp\/v2\/posts\/79597","targetHints":{"allow":["GET"]}}],"collection":[{"href":"https:\/\/www.caririemacao.com\/1\/wp-json\/wp\/v2\/posts"}],"about":[{"href":"https:\/\/www.caririemacao.com\/1\/wp-json\/wp\/v2\/types\/post"}],"author":[{"embeddable":true,"href":"https:\/\/www.caririemacao.com\/1\/wp-json\/wp\/v2\/users\/1"}],"replies":[{"embeddable":true,"href":"https:\/\/www.caririemacao.com\/1\/wp-json\/wp\/v2\/comments?post=79597"}],"version-history":[{"count":1,"href":"https:\/\/www.caririemacao.com\/1\/wp-json\/wp\/v2\/posts\/79597\/revisions"}],"predecessor-version":[{"id":79599,"href":"https:\/\/www.caririemacao.com\/1\/wp-json\/wp\/v2\/posts\/79597\/revisions\/79599"}],"wp:featuredmedia":[{"embeddable":true,"href":"https:\/\/www.caririemacao.com\/1\/wp-json\/wp\/v2\/media\/79598"}],"wp:attachment":[{"href":"https:\/\/www.caririemacao.com\/1\/wp-json\/wp\/v2\/media?parent=79597"}],"wp:term":[{"taxonomy":"category","embeddable":true,"href":"https:\/\/www.caririemacao.com\/1\/wp-json\/wp\/v2\/categories?post=79597"},{"taxonomy":"post_tag","embeddable":true,"href":"https:\/\/www.caririemacao.com\/1\/wp-json\/wp\/v2\/tags?post=79597"}],"curies":[{"name":"wp","href":"https:\/\/api.w.org\/{rel}","templated":true}]}}