{"id":79605,"date":"2019-01-05T10:03:41","date_gmt":"2019-01-05T13:03:41","guid":{"rendered":"http:\/\/www.caririemacao.com\/1\/?p=79605"},"modified":"2019-01-05T10:03:41","modified_gmt":"2019-01-05T13:03:41","slug":"hemocentro-continua-com-estoque-baixo-e-convoca-doadores-de-sangue","status":"publish","type":"post","link":"https:\/\/www.caririemacao.com\/1\/2019\/01\/05\/hemocentro-continua-com-estoque-baixo-e-convoca-doadores-de-sangue\/","title":{"rendered":"Hemocentro continua com estoque baixo e convoca doadores de sangue"},"content":{"rendered":"<p>O n\u00famero de doadores de sangue caiu nos \u00faltimos dias e o estoque do Hemocentro da Para\u00edba est\u00e1 em situa\u00e7\u00e3o cr\u00edtica. Nas \u00faltimas quarta e quinta-feira, foram registradas 199 doa\u00e7\u00f5es, enquanto que a m\u00e9dia ideal de doa\u00e7\u00f5es \u00e9 entre 150 a 200 doa\u00e7\u00f5es por dia. Os dados preocupam a dire\u00e7\u00e3o da institui\u00e7\u00e3o.<\/p>\n<div class=\"green-area t-left t-cont text-center\">\n<div class=\"anuncio\">\n<div id=\"div-gpt-ad-1493386374551-0\" data-google-query-id=\"CIiJ663Z1t8CFVFowQodLfoAuA\">\n<div id=\"google_ads_iframe_\/21685702823\/New_Sec_Conteudo_0__container__\"><\/div>\n<\/div>\n<\/div>\n<\/div>\n<p>\u201cFazemos um apelo para que os doadores compare\u00e7am ao Hemocentro. Precisamos contar com a colabora\u00e7\u00e3o da popula\u00e7\u00e3o para aumentar nosso estoque de sangue e garantir o abastecimento da rede de sa\u00fade\u201d, frisou a diretora-geral do Hemocentro da Para\u00edba, Luciana Gomes.<\/p>\n<p>&nbsp;<\/p>\n<p>Atualmente, o estoque est\u00e1 baixo para todos os tipos sangu\u00edneos. \u201cGeralmente, no in\u00edcio do ano, devido \u00e0s f\u00e9rias escolares e viagens de fim de ano, registramos queda do n\u00famero de doa\u00e7\u00f5es, mas refor\u00e7amos que para termos sangue precisamos de doadores\u201d, explica a diretora.<\/p>\n<p>&nbsp;<\/p>\n<p>O Hemocentro da Para\u00edba est\u00e1 aberto de segunda a sexta-feira, das 7h \u00e0s 17h30, e aos s\u00e1bados, das 7h \u00e0s 17h. Para doar \u00e9 preciso apresentar um documento oficial com foto, ter entre 16 e 69 anos (quem tem menos de 18 precisa estar acompanhado de um dos respons\u00e1veis legais \u2013 pai ou m\u00e3e) e atender outros crit\u00e9rios que ser\u00e3o avaliados na triagem cl\u00ednica.<\/p>\n<p>&nbsp;<\/p>\n<p>Campanha\u00a0&#8211; Nesta sexta-feira (4), a campanha \u201cO Belo Corre nas Veias\u201d mobilizou o elenco e a equipe t\u00e9cnica do Botafogo-PB em prol da doa\u00e7\u00e3o de sangue. A diretora-geral do Hemocentro da Para\u00edba, Luciana Gomes, agradeceu a parceria com o time de futebol e refor\u00e7ou a import\u00e2ncia de institui\u00e7\u00f5es, entidades e sociedade civil abra\u00e7arem a causa do sangue.<\/p>\n<p>&nbsp;<\/p>\n<p>\u201cN\u00f3s agradecemos a todos que compareceram ao Hemocentro e refor\u00e7amos o apelo para que chamem parentes e amigos para vir doar. Estamos em um per\u00edodo de queda do n\u00famero de doa\u00e7\u00f5es e precisamos contar com a colabora\u00e7\u00e3o massiva da popula\u00e7\u00e3o para aumentar o estoque de sangue\u201d, frisou Luciana Gomes.<\/p>\n<p>&nbsp;<\/p>\n<p>Para o diretor administrativo do Hemocentro da Para\u00edba, Luciano Sorrentino, a campanha do Belo \u00e9 um exemplo de solidariedade fundamental nesse momento t\u00e3o cr\u00edtico para o banco de sangue.<\/p>\n<p>&nbsp;<\/p>\n<p>A campanha botafoguense vai continuar at\u00e9 este s\u00e1bado (5) e quem quiser aderir basta ir ao Hemocentro de posse de um documento oficial com foto e informar o n\u00famero da campanha (309).<\/p>\n<p>&nbsp;<\/p>\n<p>\u201cDoe! Se voc\u00ea n\u00e3o puder doar, incentive quem possa. Ajude a salvar vidas!\u201d, convidou o gerente-administrativo do Botafogo-PB, Gian Carlo. Ele acompanhou a equipe e lembrou que a a\u00e7\u00e3o foi inserida na programa\u00e7\u00e3o semanal de trabalho dos jogadores que na manh\u00e3 desta sexta-feira poderiam estar usufruindo o hor\u00e1rio livre.<\/p>\n<p>&nbsp;<\/p>\n<p>\u201cO intuito foi salvar vidas. Alguns jogadores n\u00e3o puderam doar por conta dos crit\u00e9rios exigidos para doa\u00e7\u00e3o, mas 28 jogadores e comiss\u00e3o t\u00e9cnica compareceram\u201d, declarou Gian Carlo.<\/p>\n<p>&nbsp;<\/p>\n<p>O jogador Donato Neto foi um dos candidatos aprovados. \u201cDoar \u00e9 simples, r\u00e1pido e n\u00e3o d\u00f3i. Venha participar desta iniciativa e salve vidas\u201d, convocou.<\/p>\n<p>&nbsp;<\/p>\n<p>&nbsp;<\/p>\n<p>Parcerias\u00a0&#8211; Para incentivar a doa\u00e7\u00e3o regular de sangue, o Hemocentro da Para\u00edba firma parceria com institui\u00e7\u00f5es, igrejas, empresas, escolas e pessoas interessadas em mobilizar grupos de candidatos \u00e0 doa\u00e7\u00e3o.<\/p>\n<p>&nbsp;<\/p>\n<p>Segundo a assistente social do Hemocentro da Para\u00edba, Consueila Leite, um dos servi\u00e7os mais procurados \u00e9 a \u201cCaravana Solid\u00e1ria\u201d, na qual a institui\u00e7\u00e3o transporta os candidatos \u00e0 doa\u00e7\u00e3o at\u00e9 o banco de sangue e, ap\u00f3s a doa\u00e7\u00e3o, os leva de volta ao local de partida.<\/p>\n<p>&nbsp;<\/p>\n<p>Para solicitar a \u2018Caravana\u2019 \u00e9 preciso agendar com a equipe do Servi\u00e7o Social, por meio do telefone 3218-7698 ou por email (hemocentropbsocial@gmail).<\/p>\n<p>&nbsp;<\/p>\n<p>CRIT\u00c9RIOS PARA DOAR<\/p>\n<p>\u2022\u00a0\u00a0\u00a0\u00a0\u00a0\u00a0\u00a0\u00a0Pesar no m\u00ednimo 50kg<\/p>\n<p>\u2022\u00a0\u00a0\u00a0\u00a0\u00a0\u00a0\u00a0\u00a0Estar alimentado<\/p>\n<p>\u2022\u00a0\u00a0\u00a0\u00a0\u00a0\u00a0\u00a0\u00a0Ter dormido bem na noite anterior a doa\u00e7\u00e3o, de prefer\u00eancia antes da meia noite<\/p>\n<p>\u2022\u00a0\u00a0\u00a0\u00a0\u00a0\u00a0\u00a0\u00a0Ter entre 16 e 69 anos (quem tem menos de 18 deve estar acompanhado de um dos respons\u00e1veis legais, pai ou m\u00e3e)<\/p>\n<p>\u2022\u00a0\u00a0\u00a0\u00a0\u00a0\u00a0\u00a0\u00a0Ser saud\u00e1vel<\/p>\n<p>\u2022\u00a0\u00a0\u00a0\u00a0\u00a0\u00a0\u00a0\u00a0N\u00e3o tenha tido hepatite, mal\u00e1ria ou doen\u00e7a de chagas;<\/p>\n<p>Al\u00e9m de n\u00e3o ter comportamento de risco para doen\u00e7as sexualmente transmiss\u00edveis como s\u00edfilis, gonorreia, AIDS.<\/p>\n","protected":false},"excerpt":{"rendered":"<p>O n\u00famero de doadores de sangue caiu nos \u00faltimos dias e o estoque do Hemocentro da Para\u00edba est\u00e1 em situa\u00e7\u00e3o cr\u00edtica. Nas \u00faltimas quarta e&hellip; <\/p>\n","protected":false},"author":1,"featured_media":78707,"comment_status":"closed","ping_status":"closed","sticky":false,"template":"","format":"standard","meta":{"sfsi_plus_gutenberg_text_before_share":"","sfsi_plus_gutenberg_show_text_before_share":"","sfsi_plus_gutenberg_icon_type":"","sfsi_plus_gutenberg_icon_alignemt":"","sfsi_plus_gutenburg_max_per_row":"","footnotes":""},"categories":[16],"tags":[],"class_list":["post-79605","post","type-post","status-publish","format-standard","has-post-thumbnail","hentry","category-saude"],"_links":{"self":[{"href":"https:\/\/www.caririemacao.com\/1\/wp-json\/wp\/v2\/posts\/79605","targetHints":{"allow":["GET"]}}],"collection":[{"href":"https:\/\/www.caririemacao.com\/1\/wp-json\/wp\/v2\/posts"}],"about":[{"href":"https:\/\/www.caririemacao.com\/1\/wp-json\/wp\/v2\/types\/post"}],"author":[{"embeddable":true,"href":"https:\/\/www.caririemacao.com\/1\/wp-json\/wp\/v2\/users\/1"}],"replies":[{"embeddable":true,"href":"https:\/\/www.caririemacao.com\/1\/wp-json\/wp\/v2\/comments?post=79605"}],"version-history":[{"count":1,"href":"https:\/\/www.caririemacao.com\/1\/wp-json\/wp\/v2\/posts\/79605\/revisions"}],"predecessor-version":[{"id":79606,"href":"https:\/\/www.caririemacao.com\/1\/wp-json\/wp\/v2\/posts\/79605\/revisions\/79606"}],"wp:featuredmedia":[{"embeddable":true,"href":"https:\/\/www.caririemacao.com\/1\/wp-json\/wp\/v2\/media\/78707"}],"wp:attachment":[{"href":"https:\/\/www.caririemacao.com\/1\/wp-json\/wp\/v2\/media?parent=79605"}],"wp:term":[{"taxonomy":"category","embeddable":true,"href":"https:\/\/www.caririemacao.com\/1\/wp-json\/wp\/v2\/categories?post=79605"},{"taxonomy":"post_tag","embeddable":true,"href":"https:\/\/www.caririemacao.com\/1\/wp-json\/wp\/v2\/tags?post=79605"}],"curies":[{"name":"wp","href":"https:\/\/api.w.org\/{rel}","templated":true}]}}