{"id":79609,"date":"2019-01-05T10:12:52","date_gmt":"2019-01-05T13:12:52","guid":{"rendered":"http:\/\/www.caririemacao.com\/1\/?p=79609"},"modified":"2019-01-05T10:12:52","modified_gmt":"2019-01-05T13:12:52","slug":"tce-pb-convida-gestores-municipais-para-cadastramento-no-sistema-de-acompanhamento-da-gestao","status":"publish","type":"post","link":"https:\/\/www.caririemacao.com\/1\/2019\/01\/05\/tce-pb-convida-gestores-municipais-para-cadastramento-no-sistema-de-acompanhamento-da-gestao\/","title":{"rendered":"TCE-PB convida gestores municipais para cadastramento no Sistema de Acompanhamento da Gest\u00e3o"},"content":{"rendered":"<div class=\"space-20\"><\/div>\n<div class=\"conteudo-noticia\">\n<p>O Tribunal de Contas do Estado est\u00e1 convidando todos os novos gestores p\u00fablicos municipais para cadastramento, e recadastramento &#8211; se houver mudan\u00e7as na equipe, no sistema eletr\u00f4nico do TCE \u2013 Tramita e Portal do Gestor.<\/p>\n<div class=\"green-area t-left t-cont text-center\">\n<div class=\"anuncio\">\n<div id=\"div-gpt-ad-1493386374551-0\" data-google-query-id=\"CMr6z9La1t8CFUJ2wQod8AgIYA\">\n<div id=\"google_ads_iframe_\/21685702823\/New_Sec_Conteudo_0__container__\"><\/div>\n<\/div>\n<\/div>\n<\/div>\n<p>O procedimento, que tem como finalidade subsidiar o Processo de Acompanhamento da Gest\u00e3o (PAG) dever\u00e1 ocorrer na pr\u00f3xima quarta-feira (9), das 8h \u00e0s 17h, no Centro Cultural Ariano Suassuna , sede do TCE-PB.<\/p>\n<p>&nbsp;<\/p>\n<p>Os atuais presidentes de C\u00e2maras de vereadores reeleitos, devem apenas declarar tal situa\u00e7\u00e3o ou eventuais modifica\u00e7\u00f5es, conforme consta no of\u00edcio circular n\u00ba 01\/2019, assinado pelo presidente da Corte, conselheiro Andr\u00e9 Carlo Torres Pontes. Em rela\u00e7\u00e3o aos novos gestores, al\u00e9m de contadores e assessores t\u00e9cnicos que se investiram em cargos, mandatos e fun\u00e7\u00f5es em 2019,\u00a0\u00a0se requer os documentos pessoais (CPF, RG ou registro profissional e comprovante de resid\u00eancia), assim como a c\u00f3pia do termo de posse ou a publica\u00e7\u00e3o do ato de designa\u00e7\u00e3o.<\/p>\n<p>&nbsp;<\/p>\n<p>O convite do Tribunal de Contas atende \u00e0s disposi\u00e7\u00f5es das Resolu\u00e7\u00f5es Normativas TC n\u00bas 10\/2010 e 11\/2015, que tratam, respectivamente, das determina\u00e7\u00f5es previstas no Regimento Interno do TCE e que disp\u00f5e sobre o funcionamento do processo eletr\u00f4nico e demais servi\u00e7os eletr\u00f4nicos, no \u00e2mbito do Tribunal de Contas do Estado.<\/p>\n<p>&nbsp;<\/p>\n<p>O cadastramento e recadastramento devem ser feitos com a presen\u00e7a dos interessados.<\/p>\n<p>&nbsp;<\/p>\n<p><em><strong>AscomTCE-PB\u00a0\u00a0<\/strong><\/em><\/p>\n<p>&nbsp;<\/p>\n<\/div>\n","protected":false},"excerpt":{"rendered":"<p>O Tribunal de Contas do Estado est\u00e1 convidando todos os novos gestores p\u00fablicos municipais para cadastramento, e recadastramento &#8211; se houver mudan\u00e7as na equipe, no&hellip; <\/p>\n","protected":false},"author":1,"featured_media":17359,"comment_status":"closed","ping_status":"closed","sticky":false,"template":"","format":"standard","meta":{"sfsi_plus_gutenberg_text_before_share":"","sfsi_plus_gutenberg_show_text_before_share":"","sfsi_plus_gutenberg_icon_type":"","sfsi_plus_gutenberg_icon_alignemt":"","sfsi_plus_gutenburg_max_per_row":"","footnotes":""},"categories":[11],"tags":[],"class_list":["post-79609","post","type-post","status-publish","format-standard","has-post-thumbnail","hentry","category-politica"],"_links":{"self":[{"href":"https:\/\/www.caririemacao.com\/1\/wp-json\/wp\/v2\/posts\/79609","targetHints":{"allow":["GET"]}}],"collection":[{"href":"https:\/\/www.caririemacao.com\/1\/wp-json\/wp\/v2\/posts"}],"about":[{"href":"https:\/\/www.caririemacao.com\/1\/wp-json\/wp\/v2\/types\/post"}],"author":[{"embeddable":true,"href":"https:\/\/www.caririemacao.com\/1\/wp-json\/wp\/v2\/users\/1"}],"replies":[{"embeddable":true,"href":"https:\/\/www.caririemacao.com\/1\/wp-json\/wp\/v2\/comments?post=79609"}],"version-history":[{"count":1,"href":"https:\/\/www.caririemacao.com\/1\/wp-json\/wp\/v2\/posts\/79609\/revisions"}],"predecessor-version":[{"id":79610,"href":"https:\/\/www.caririemacao.com\/1\/wp-json\/wp\/v2\/posts\/79609\/revisions\/79610"}],"wp:featuredmedia":[{"embeddable":true,"href":"https:\/\/www.caririemacao.com\/1\/wp-json\/wp\/v2\/media\/17359"}],"wp:attachment":[{"href":"https:\/\/www.caririemacao.com\/1\/wp-json\/wp\/v2\/media?parent=79609"}],"wp:term":[{"taxonomy":"category","embeddable":true,"href":"https:\/\/www.caririemacao.com\/1\/wp-json\/wp\/v2\/categories?post=79609"},{"taxonomy":"post_tag","embeddable":true,"href":"https:\/\/www.caririemacao.com\/1\/wp-json\/wp\/v2\/tags?post=79609"}],"curies":[{"name":"wp","href":"https:\/\/api.w.org\/{rel}","templated":true}]}}