{"id":79613,"date":"2019-01-05T10:16:48","date_gmt":"2019-01-05T13:16:48","guid":{"rendered":"http:\/\/www.caririemacao.com\/1\/?p=79613"},"modified":"2019-01-05T10:16:48","modified_gmt":"2019-01-05T13:16:48","slug":"joao-divulga-lista-com-nomeacao-de-servidores-comissionados","status":"publish","type":"post","link":"https:\/\/www.caririemacao.com\/1\/2019\/01\/05\/joao-divulga-lista-com-nomeacao-de-servidores-comissionados\/","title":{"rendered":"Jo\u00e3o divulga lista com nomea\u00e7\u00e3o de servidores comissionados"},"content":{"rendered":"<p>A edi\u00e7\u00e3o dessa sexta-feira (04) do Di\u00e1rio Oficial do Estado trouxe a primeira lista de nomea\u00e7\u00f5es do governador Jo\u00e3o Azev\u00eado para cargos comissionados no Estado. S\u00e3o 20 p\u00e1ginas com atos governamentais de nomea\u00e7\u00e3o de servidores.<\/p>\n<p>Entre os nomeados por Jo\u00e3o est\u00e1 o suplente de vereador de Campina Grande, Metusel\u00e1 Agra. Ele foi nomeado secret\u00e1rio Executivo do Desenvolvimento Econ\u00f4mico.<\/p>\n<p>Em seu primeiro ato no Governo, Azev\u00eado informou que cortaria cargos comissionados para reduzir gastos do Governo. Para isso ele uniu \u00f3rg\u00e3os, o que provocaria uma economia de R$ 26 milh\u00f5es por ano.<\/p>\n<p><strong>Confira no\u00a0<a href=\"http:\/\/www.maispb.com.br\/wp-content\/uploads\/2019\/01\/Diario-Oficial-04-01-2019.pdf\">Diario-Oficial-04-01-2019<\/a><\/strong><\/p>\n<p><strong>MaisPB<\/strong><\/p>\n","protected":false},"excerpt":{"rendered":"<p>A edi\u00e7\u00e3o dessa sexta-feira (04) do Di\u00e1rio Oficial do Estado trouxe a primeira lista de nomea\u00e7\u00f5es do governador Jo\u00e3o Azev\u00eado para cargos comissionados no Estado.&hellip; <\/p>\n","protected":false},"author":1,"featured_media":79299,"comment_status":"closed","ping_status":"closed","sticky":false,"template":"","format":"standard","meta":{"sfsi_plus_gutenberg_text_before_share":"","sfsi_plus_gutenberg_show_text_before_share":"","sfsi_plus_gutenberg_icon_type":"","sfsi_plus_gutenberg_icon_alignemt":"","sfsi_plus_gutenburg_max_per_row":"","footnotes":""},"categories":[11],"tags":[],"class_list":["post-79613","post","type-post","status-publish","format-standard","has-post-thumbnail","hentry","category-politica"],"_links":{"self":[{"href":"https:\/\/www.caririemacao.com\/1\/wp-json\/wp\/v2\/posts\/79613","targetHints":{"allow":["GET"]}}],"collection":[{"href":"https:\/\/www.caririemacao.com\/1\/wp-json\/wp\/v2\/posts"}],"about":[{"href":"https:\/\/www.caririemacao.com\/1\/wp-json\/wp\/v2\/types\/post"}],"author":[{"embeddable":true,"href":"https:\/\/www.caririemacao.com\/1\/wp-json\/wp\/v2\/users\/1"}],"replies":[{"embeddable":true,"href":"https:\/\/www.caririemacao.com\/1\/wp-json\/wp\/v2\/comments?post=79613"}],"version-history":[{"count":1,"href":"https:\/\/www.caririemacao.com\/1\/wp-json\/wp\/v2\/posts\/79613\/revisions"}],"predecessor-version":[{"id":79615,"href":"https:\/\/www.caririemacao.com\/1\/wp-json\/wp\/v2\/posts\/79613\/revisions\/79615"}],"wp:featuredmedia":[{"embeddable":true,"href":"https:\/\/www.caririemacao.com\/1\/wp-json\/wp\/v2\/media\/79299"}],"wp:attachment":[{"href":"https:\/\/www.caririemacao.com\/1\/wp-json\/wp\/v2\/media?parent=79613"}],"wp:term":[{"taxonomy":"category","embeddable":true,"href":"https:\/\/www.caririemacao.com\/1\/wp-json\/wp\/v2\/categories?post=79613"},{"taxonomy":"post_tag","embeddable":true,"href":"https:\/\/www.caririemacao.com\/1\/wp-json\/wp\/v2\/tags?post=79613"}],"curies":[{"name":"wp","href":"https:\/\/api.w.org\/{rel}","templated":true}]}}