{"id":79616,"date":"2019-01-05T10:22:17","date_gmt":"2019-01-05T13:22:17","guid":{"rendered":"http:\/\/www.caririemacao.com\/1\/?p=79616"},"modified":"2019-01-05T10:22:17","modified_gmt":"2019-01-05T13:22:17","slug":"bolsonaro-elogia-coordenador-do-enem-e-critica-doutrinacao-em-escolas","status":"publish","type":"post","link":"https:\/\/www.caririemacao.com\/1\/2019\/01\/05\/bolsonaro-elogia-coordenador-do-enem-e-critica-doutrinacao-em-escolas\/","title":{"rendered":"Bolsonaro elogia coordenador do Enem e critica doutrina\u00e7\u00e3o em escolas"},"content":{"rendered":"<p>O presidente da Rep\u00fablica, Jair Bolsonaro, afirmou neste s\u00e1bado (5) que o novo respons\u00e1vel pelo Exame Nacional do Ensino M\u00e9dio (Enem), o economista Murilo Resende Ferreira, vai priorizar o ensino com enfoque na medi\u00e7\u00e3o da forma\u00e7\u00e3o acad\u00eamica.<\/p>\n<div class=\"dnd-widget-wrapper context-cheio_8colunas type-image\">\n<div class=\"dnd-atom-rendered\"><!-- scald=130157:cheio_8colunas --><\/p>\n<figure class=\"mejs-fotoh-wrapper\"><img decoding=\"async\" class=\"img-responsive full full lazyload\" title=\"Fabio Rodrigues Pozzebom\/Ag\u00eancia Brasil\" data-src=\"http:\/\/imagens.ebc.com.br\/zR0LhOPRQRf-IRdf0Cz78O2mW80=\/754x0\/smart\/http:\/\/agenciabrasil.ebc.com.br\/sites\/default\/files\/thumbnails\/image\/fcpzzb_abr_0101199671df.jpg?itok=EJaFt4_d\" alt=\"Presidente eleito Jair Bolsonaro chega ao Congresso Nacional para a solenidade de posse.\" src=\"data:image\/svg+xml;base64,PHN2ZyB3aWR0aD0iMSIgaGVpZ2h0PSIxIiB4bWxucz0iaHR0cDovL3d3dy53My5vcmcvMjAwMC9zdmciPjwvc3ZnPg==\" \/><\/figure>\n<p><!-- END scald=130157 --><\/div>\n<div class=\"dnd-caption-wrapper\">\n<div class=\"meta\"><!--copyright=130157-->O presidente da Rep\u00fablica, Jair Bolsonaro &#8211; <strong>Fabio Rodrigues Pozzebom\/Arquivo\/Ag\u00eancia Brasil<\/strong><!--END copyright=130157--><\/div>\n<\/div>\n<\/div>\n<p>Em publica\u00e7\u00e3o na sua conta oficial no Twitter, o presidente disse que \u00e9 preciso ignorar a promo\u00e7\u00e3o da &#8220;lacra\u00e7\u00e3o&#8221; e da &#8220;doutrina\u00e7\u00e3o&#8221; em sala de aula. O presidente tamb\u00e9m destacou a forma\u00e7\u00e3o de Resende, que \u00e9 doutor em economia pela Funda\u00e7\u00e3o Getulio Vargas (FGV).<\/p>\n<p>&#8220;Murilo Resende, o novo coordenador do Enem, \u00e9 doutor em economia pela FGV, e seus estudos deixam claro a prioriza\u00e7\u00e3o do ensino ignorando a atual promo\u00e7\u00e3o da &#8216;lacra\u00e7\u00e3o&#8217;, ou seja, enfoque na medi\u00e7\u00e3o da forma\u00e7\u00e3o acad\u00eamica, e n\u00e3o somente o quanto ele foi doutrinado em salas de aula&#8221;, tuitou.<\/p>\n<p>Resende, de 36 anos, foi escolhido pelo ministro da Educa\u00e7\u00e3o, Ricardo V\u00e9lez Rodr\u00edguez, como diretor de Avalia\u00e7\u00e3o da Educa\u00e7\u00e3o B\u00e1sica do Instituto de Estudos e Pesquisa Educacionais An\u00edsio Teixeira (Inep), que \u00e9 o \u00f3rg\u00e3o respons\u00e1vel pelo Enem.<\/p>\n","protected":false},"excerpt":{"rendered":"<p>O presidente da Rep\u00fablica, Jair Bolsonaro, afirmou neste s\u00e1bado (5) que o novo respons\u00e1vel pelo Exame Nacional do Ensino M\u00e9dio (Enem), o economista Murilo Resende&hellip; <\/p>\n","protected":false},"author":1,"featured_media":79265,"comment_status":"closed","ping_status":"closed","sticky":false,"template":"","format":"standard","meta":{"sfsi_plus_gutenberg_text_before_share":"","sfsi_plus_gutenberg_show_text_before_share":"","sfsi_plus_gutenberg_icon_type":"","sfsi_plus_gutenberg_icon_alignemt":"","sfsi_plus_gutenburg_max_per_row":"","footnotes":""},"categories":[2],"tags":[],"class_list":["post-79616","post","type-post","status-publish","format-standard","has-post-thumbnail","hentry","category-geral"],"_links":{"self":[{"href":"https:\/\/www.caririemacao.com\/1\/wp-json\/wp\/v2\/posts\/79616","targetHints":{"allow":["GET"]}}],"collection":[{"href":"https:\/\/www.caririemacao.com\/1\/wp-json\/wp\/v2\/posts"}],"about":[{"href":"https:\/\/www.caririemacao.com\/1\/wp-json\/wp\/v2\/types\/post"}],"author":[{"embeddable":true,"href":"https:\/\/www.caririemacao.com\/1\/wp-json\/wp\/v2\/users\/1"}],"replies":[{"embeddable":true,"href":"https:\/\/www.caririemacao.com\/1\/wp-json\/wp\/v2\/comments?post=79616"}],"version-history":[{"count":1,"href":"https:\/\/www.caririemacao.com\/1\/wp-json\/wp\/v2\/posts\/79616\/revisions"}],"predecessor-version":[{"id":79617,"href":"https:\/\/www.caririemacao.com\/1\/wp-json\/wp\/v2\/posts\/79616\/revisions\/79617"}],"wp:featuredmedia":[{"embeddable":true,"href":"https:\/\/www.caririemacao.com\/1\/wp-json\/wp\/v2\/media\/79265"}],"wp:attachment":[{"href":"https:\/\/www.caririemacao.com\/1\/wp-json\/wp\/v2\/media?parent=79616"}],"wp:term":[{"taxonomy":"category","embeddable":true,"href":"https:\/\/www.caririemacao.com\/1\/wp-json\/wp\/v2\/categories?post=79616"},{"taxonomy":"post_tag","embeddable":true,"href":"https:\/\/www.caririemacao.com\/1\/wp-json\/wp\/v2\/tags?post=79616"}],"curies":[{"name":"wp","href":"https:\/\/api.w.org\/{rel}","templated":true}]}}