{"id":79619,"date":"2019-01-05T10:25:06","date_gmt":"2019-01-05T13:25:06","guid":{"rendered":"http:\/\/www.caririemacao.com\/1\/?p=79619"},"modified":"2019-01-05T10:25:06","modified_gmt":"2019-01-05T13:25:06","slug":"ex-candidato-ao-senado-pelo-pt-denuncia-uso-irregular-de-recursos-de-adversarios","status":"publish","type":"post","link":"https:\/\/www.caririemacao.com\/1\/2019\/01\/05\/ex-candidato-ao-senado-pelo-pt-denuncia-uso-irregular-de-recursos-de-adversarios\/","title":{"rendered":"Ex-candidato ao Senado pelo PT denuncia uso irregular de recursos de advers\u00e1rios"},"content":{"rendered":"<p class=\"wp-caption-text\">O deputado federal Luiz Couto (PT), que foi candidato ao Senado nas elei\u00e7\u00f5es de 2018, afirmou que entregou um recurso \u00e0 sua assessoria jur\u00eddica para que investiguem a utiliza\u00e7\u00e3o de recursos durante a campanha de 2018 por parte de seus advers\u00e1rios.<\/p>\n<p>Ele atribuiu a sua derrota na disputa ao Senado Federal (ficou na terceira coloca\u00e7\u00e3o) ao \u201cdinheiro de pessoas de Bolsonaro e outras figuras\u201d.<\/p>\n<p>\u2013 Estamos fazendo um levantamento dos recursos que foram liberados e do que \u00e9 proibido \u2013 disse.<\/p>\n<p>Sobre as expectativas para o governo do presidente Jair Bolsonaro (PSL), Luiz declarou que \u201co cara que tem sanidade mental n\u00e3o pode esperar nada dele\u201d.<\/p>\n<p>&nbsp;<\/p>\n<p>R\u00e1dio Caturit\u00e9 FM<\/p>\n","protected":false},"excerpt":{"rendered":"<p>O deputado federal Luiz Couto (PT), que foi candidato ao Senado nas elei\u00e7\u00f5es de 2018, afirmou que entregou um recurso \u00e0 sua assessoria jur\u00eddica para&hellip; <\/p>\n","protected":false},"author":1,"featured_media":17313,"comment_status":"closed","ping_status":"closed","sticky":false,"template":"","format":"standard","meta":{"sfsi_plus_gutenberg_text_before_share":"","sfsi_plus_gutenberg_show_text_before_share":"","sfsi_plus_gutenberg_icon_type":"","sfsi_plus_gutenberg_icon_alignemt":"","sfsi_plus_gutenburg_max_per_row":"","footnotes":""},"categories":[11],"tags":[],"class_list":["post-79619","post","type-post","status-publish","format-standard","has-post-thumbnail","hentry","category-politica"],"_links":{"self":[{"href":"https:\/\/www.caririemacao.com\/1\/wp-json\/wp\/v2\/posts\/79619","targetHints":{"allow":["GET"]}}],"collection":[{"href":"https:\/\/www.caririemacao.com\/1\/wp-json\/wp\/v2\/posts"}],"about":[{"href":"https:\/\/www.caririemacao.com\/1\/wp-json\/wp\/v2\/types\/post"}],"author":[{"embeddable":true,"href":"https:\/\/www.caririemacao.com\/1\/wp-json\/wp\/v2\/users\/1"}],"replies":[{"embeddable":true,"href":"https:\/\/www.caririemacao.com\/1\/wp-json\/wp\/v2\/comments?post=79619"}],"version-history":[{"count":1,"href":"https:\/\/www.caririemacao.com\/1\/wp-json\/wp\/v2\/posts\/79619\/revisions"}],"predecessor-version":[{"id":79620,"href":"https:\/\/www.caririemacao.com\/1\/wp-json\/wp\/v2\/posts\/79619\/revisions\/79620"}],"wp:featuredmedia":[{"embeddable":true,"href":"https:\/\/www.caririemacao.com\/1\/wp-json\/wp\/v2\/media\/17313"}],"wp:attachment":[{"href":"https:\/\/www.caririemacao.com\/1\/wp-json\/wp\/v2\/media?parent=79619"}],"wp:term":[{"taxonomy":"category","embeddable":true,"href":"https:\/\/www.caririemacao.com\/1\/wp-json\/wp\/v2\/categories?post=79619"},{"taxonomy":"post_tag","embeddable":true,"href":"https:\/\/www.caririemacao.com\/1\/wp-json\/wp\/v2\/tags?post=79619"}],"curies":[{"name":"wp","href":"https:\/\/api.w.org\/{rel}","templated":true}]}}