{"id":79622,"date":"2019-01-05T10:27:44","date_gmt":"2019-01-05T13:27:44","guid":{"rendered":"http:\/\/www.caririemacao.com\/1\/?p=79622"},"modified":"2019-01-05T10:27:44","modified_gmt":"2019-01-05T13:27:44","slug":"policia-prende-quatro-homens-e-apreende-adolescente-durante-operacao-araxa-i","status":"publish","type":"post","link":"https:\/\/www.caririemacao.com\/1\/2019\/01\/05\/policia-prende-quatro-homens-e-apreende-adolescente-durante-operacao-araxa-i\/","title":{"rendered":"Pol\u00edcia prende quatro homens e apreende adolescente durante Opera\u00e7\u00e3o Arax\u00e1 I"},"content":{"rendered":"<p><!------------------->\u00a0\u00a0\u00a0\u00a0\u00a0\u00a0\u00a0<!--banner-editoria-->\u00a0\u00a0\u00a0\u00a0\u00a0\u00a0\u00a0<!------------------->\u00a0\u00a0\u00a0\u00a0\u00a0\u00a0\u00a0\u00a0\u00a0\u00a0\u00a0\u00a0\u00a0<!------------------->\u00a0\u00a0\u00a0\u00a0\u00a0\u00a0\u00a0<!-------fim--------->\u00a0\u00a0\u00a0\u00a0\u00a0\u00a0\u00a0<!------------------->\u00a0\u00a0\u00a0\u00a0\u00a0\u00a0\u00a0<!--conte\u00fado--><\/p>\n<div class=\"content\">\n<p>A Pol\u00edcia Civil, por meio da Delegacia Especializada de Crimes Contra o Patrim\u00f4nio (DCCP) de Campina Grande, realizou, na manh\u00e3 desta sexta-feira (4), a Opera\u00e7\u00e3o Arax\u00e1 I, que teve como objetivo combater crimes patrimoniais praticados por um grupo criminoso que atua vendendo drogas no Bairro do Arax\u00e1 na Zona Norte da cidade.<\/p>\n<p>Os investigados tamb\u00e9m seriam respons\u00e1veis por roubos de ve\u00edculos e homic\u00eddios em Campina Grande. Na a\u00e7\u00e3o, foram presos Jos\u00e9 Silva Bezerra, 19 anos, Henrique Bruno da Silva, 24 anos, Diego Alexandre Pereira da Costa, 23 anos e Caio Alexandre Lopes Paulino, 18 anos. Tamb\u00e9m foi apreendida uma adolescente de 15 anos.<\/p>\n<p>Os policiais chegaram at\u00e9 os suspeitos quando investigavam uma den\u00fancia an\u00f4nima feita para o Disque Den\u00fancia 197 na manh\u00e3 desta sexta-feira.<\/p>\n<p>\u201cEsta quadrilha \u00e9 investigada por v\u00e1rias Delegacias. E hoje recebemos uma informa\u00e7\u00e3o de que eles estavam escondidos neste im\u00f3vel e que teriam praticado um assalto nas Malvinas. A equipe foi at\u00e9 a casa e l\u00e1 foi recebida de maneira hostil. Um dos integrantes do grupo criminoso tentou atirar contra os policiais, mas a muni\u00e7\u00e3o n\u00e3o disparou\u201d, disse o delegado Victor Melo.<\/p>\n<p>Na casa onde os investigados estavam foi encontrada uma grande quantidade de material ligado ao tr\u00e1fico de drogas, como balan\u00e7a de precis\u00e3o, embalagens pl\u00e1sticas, dinheiro trocado, cerca de 2 kg de maconha embalada em tabletes, pacotinhos com maconha prontos para venda, por\u00e7\u00f5es de crack, coca\u00edna, lol\u00f3, um rev\u00f3lver e muni\u00e7\u00f5es, uma maquineta de cart\u00f5es de cr\u00e9dito, o que levanta a suspeita de que os usu\u00e1rios pagavam as d\u00edvidas de drogas com cart\u00f5es, uma touca usada normalmente para proteger o rosto durante a pr\u00e1tica de crimes como roubos e assaltos, al\u00e9m de v\u00e1rios aparelhos celulares.<\/p>\n<p>Os presos foram encaminhados \u00e0 DCCP, onde foram ouvidos e autuados por tr\u00e1fico de drogas, associa\u00e7\u00e3o ao tr\u00e1fico de drogas, tentativa de homic\u00eddio, porte ilegal de arma de fogo e crime de corrup\u00e7\u00e3o de menores.<\/p>\n<p>Eles foram levados para a carceragem da Central de Pol\u00edcia no Catol\u00e9 e v\u00e3o aguardar pela audi\u00eancia de cust\u00f3dia. J\u00e1 a adolescente apreendida com o grupo foi levada para o Juizado da Inf\u00e2ncia e da Juventude, que vai decidir como ela deve cumprir a medida socioeducativa.<\/p>\n<\/div>\n","protected":false},"excerpt":{"rendered":"<p>\u00a0\u00a0\u00a0\u00a0\u00a0\u00a0\u00a0\u00a0\u00a0\u00a0\u00a0\u00a0\u00a0\u00a0\u00a0\u00a0\u00a0\u00a0\u00a0\u00a0\u00a0\u00a0\u00a0\u00a0\u00a0\u00a0\u00a0\u00a0\u00a0\u00a0\u00a0\u00a0\u00a0\u00a0\u00a0\u00a0\u00a0\u00a0\u00a0\u00a0\u00a0\u00a0\u00a0\u00a0\u00a0\u00a0\u00a0\u00a0 A Pol\u00edcia Civil, por meio da Delegacia Especializada de Crimes Contra o Patrim\u00f4nio (DCCP) de Campina Grande, realizou, na manh\u00e3 desta sexta-feira (4), a&hellip; <\/p>\n","protected":false},"author":1,"featured_media":18430,"comment_status":"closed","ping_status":"closed","sticky":false,"template":"","format":"standard","meta":{"sfsi_plus_gutenberg_text_before_share":"","sfsi_plus_gutenberg_show_text_before_share":"","sfsi_plus_gutenberg_icon_type":"","sfsi_plus_gutenberg_icon_alignemt":"","sfsi_plus_gutenburg_max_per_row":"","footnotes":""},"categories":[12],"tags":[],"class_list":["post-79622","post","type-post","status-publish","format-standard","has-post-thumbnail","hentry","category-policia"],"_links":{"self":[{"href":"https:\/\/www.caririemacao.com\/1\/wp-json\/wp\/v2\/posts\/79622","targetHints":{"allow":["GET"]}}],"collection":[{"href":"https:\/\/www.caririemacao.com\/1\/wp-json\/wp\/v2\/posts"}],"about":[{"href":"https:\/\/www.caririemacao.com\/1\/wp-json\/wp\/v2\/types\/post"}],"author":[{"embeddable":true,"href":"https:\/\/www.caririemacao.com\/1\/wp-json\/wp\/v2\/users\/1"}],"replies":[{"embeddable":true,"href":"https:\/\/www.caririemacao.com\/1\/wp-json\/wp\/v2\/comments?post=79622"}],"version-history":[{"count":1,"href":"https:\/\/www.caririemacao.com\/1\/wp-json\/wp\/v2\/posts\/79622\/revisions"}],"predecessor-version":[{"id":79623,"href":"https:\/\/www.caririemacao.com\/1\/wp-json\/wp\/v2\/posts\/79622\/revisions\/79623"}],"wp:featuredmedia":[{"embeddable":true,"href":"https:\/\/www.caririemacao.com\/1\/wp-json\/wp\/v2\/media\/18430"}],"wp:attachment":[{"href":"https:\/\/www.caririemacao.com\/1\/wp-json\/wp\/v2\/media?parent=79622"}],"wp:term":[{"taxonomy":"category","embeddable":true,"href":"https:\/\/www.caririemacao.com\/1\/wp-json\/wp\/v2\/categories?post=79622"},{"taxonomy":"post_tag","embeddable":true,"href":"https:\/\/www.caririemacao.com\/1\/wp-json\/wp\/v2\/tags?post=79622"}],"curies":[{"name":"wp","href":"https:\/\/api.w.org\/{rel}","templated":true}]}}