{"id":79624,"date":"2019-01-05T10:30:10","date_gmt":"2019-01-05T13:30:10","guid":{"rendered":"http:\/\/www.caririemacao.com\/1\/?p=79624"},"modified":"2019-01-05T10:30:10","modified_gmt":"2019-01-05T13:30:10","slug":"treze-anuncia-mais-um-amistoso-contra-time-da-serie-c","status":"publish","type":"post","link":"https:\/\/www.caririemacao.com\/1\/2019\/01\/05\/treze-anuncia-mais-um-amistoso-contra-time-da-serie-c\/","title":{"rendered":"Treze anuncia mais um amistoso contra time da S\u00e9rie C"},"content":{"rendered":"<p>No final da tarde desta sexta-feira (04), t\u00e3o logo o elenco do Treze encerrou a prepara\u00e7\u00e3o para o amistoso de amanh\u00e3, nos Aflitos, contra o N\u00e1utico, o presidente alvinegro Walter Cavalcanti J\u00fanior anunciou mais um teste para a equipe comandada por Maur\u00edlio Silva.<\/p>\n<p><img decoding=\"async\" class=\"alignnone size-medium wp-image-527733 lazyload\" data-src=\"https:\/\/paraibaonline.com.br\/wp-content\/uploads\/2018\/11\/WalterJr-567x400.jpg\" data-srcset=\"https:\/\/paraibaonline.com.br\/wp-content\/uploads\/2018\/11\/WalterJr-567x400.jpg 567w, https:\/\/paraibaonline.com.br\/wp-content\/uploads\/2018\/11\/WalterJr.jpg 800w\" alt=\"\" src=\"data:image\/svg+xml;base64,PHN2ZyB3aWR0aD0iMSIgaGVpZ2h0PSIxIiB4bWxucz0iaHR0cDovL3d3dy53My5vcmcvMjAwMC9zdmciPjwvc3ZnPg==\" style=\"--smush-placeholder-width: 567px; --smush-placeholder-aspect-ratio: 567\/400;\" \/><\/p>\n<p>A diretoria do Galo escolheu mais uma vez um advers\u00e1rio pernambucano e que tamb\u00e9m vai disputar a S\u00e9rie C do Brasileiro: ser\u00e1 o Santa Cruz.<\/p>\n<p>O amistoso est\u00e1 marcado para ter\u00e7a-feira (08), \u00e0s 20h, no Est\u00e1dio Amig\u00e3o, em Campina Grande.<\/p>\n<p>Esse ser\u00e1 o segundo pernambucano que aparece no caminho do Galo durante esse per\u00edodo de prepara\u00e7\u00e3o para a pr\u00f3xima temporada. Antes de pegar o Santa, o Treze fez um confronto contra o N\u00e1utico no Presidente Vargas e realiza uma nova partida contra o Timbu neste fim de semana, no Est\u00e1dio dos Aflitos. O Tricolor do Arruda tamb\u00e9m j\u00e1 encarou um time paraibano nessa pr\u00e9-temporada: venceu o Serrano-PB por 1 a 0 em Recife.<\/p>\n<p>A partida ser\u00e1, definitivamente, a \u00faltima do Treze antes da estreia no Campeonato Paraibano de 2019.<\/p>\n<p>At\u00e9 o momento o Alvinegro tem 100% de aproveitamento nas partidas que disputou e faz sua estreia oficial na temporada jogando dentro de casa, no PV, contra a equipe do Esporte de Patos.<\/p>\n","protected":false},"excerpt":{"rendered":"<p>No final da tarde desta sexta-feira (04), t\u00e3o logo o elenco do Treze encerrou a prepara\u00e7\u00e3o para o amistoso de amanh\u00e3, nos Aflitos, contra o&hellip; <\/p>\n","protected":false},"author":1,"featured_media":79625,"comment_status":"closed","ping_status":"closed","sticky":false,"template":"","format":"standard","meta":{"sfsi_plus_gutenberg_text_before_share":"","sfsi_plus_gutenberg_show_text_before_share":"","sfsi_plus_gutenberg_icon_type":"","sfsi_plus_gutenberg_icon_alignemt":"","sfsi_plus_gutenburg_max_per_row":"","footnotes":""},"categories":[13],"tags":[],"class_list":["post-79624","post","type-post","status-publish","format-standard","has-post-thumbnail","hentry","category-esportes"],"_links":{"self":[{"href":"https:\/\/www.caririemacao.com\/1\/wp-json\/wp\/v2\/posts\/79624","targetHints":{"allow":["GET"]}}],"collection":[{"href":"https:\/\/www.caririemacao.com\/1\/wp-json\/wp\/v2\/posts"}],"about":[{"href":"https:\/\/www.caririemacao.com\/1\/wp-json\/wp\/v2\/types\/post"}],"author":[{"embeddable":true,"href":"https:\/\/www.caririemacao.com\/1\/wp-json\/wp\/v2\/users\/1"}],"replies":[{"embeddable":true,"href":"https:\/\/www.caririemacao.com\/1\/wp-json\/wp\/v2\/comments?post=79624"}],"version-history":[{"count":1,"href":"https:\/\/www.caririemacao.com\/1\/wp-json\/wp\/v2\/posts\/79624\/revisions"}],"predecessor-version":[{"id":79626,"href":"https:\/\/www.caririemacao.com\/1\/wp-json\/wp\/v2\/posts\/79624\/revisions\/79626"}],"wp:featuredmedia":[{"embeddable":true,"href":"https:\/\/www.caririemacao.com\/1\/wp-json\/wp\/v2\/media\/79625"}],"wp:attachment":[{"href":"https:\/\/www.caririemacao.com\/1\/wp-json\/wp\/v2\/media?parent=79624"}],"wp:term":[{"taxonomy":"category","embeddable":true,"href":"https:\/\/www.caririemacao.com\/1\/wp-json\/wp\/v2\/categories?post=79624"},{"taxonomy":"post_tag","embeddable":true,"href":"https:\/\/www.caririemacao.com\/1\/wp-json\/wp\/v2\/tags?post=79624"}],"curies":[{"name":"wp","href":"https:\/\/api.w.org\/{rel}","templated":true}]}}