{"id":79642,"date":"2019-01-05T11:43:11","date_gmt":"2019-01-05T14:43:11","guid":{"rendered":"http:\/\/www.caririemacao.com\/1\/?p=79642"},"modified":"2019-01-05T11:43:11","modified_gmt":"2019-01-05T14:43:11","slug":"estado-paga-premio-paraiba-unida-pela-paz-aos-agentes-penitenciarios-em-janeiro","status":"publish","type":"post","link":"https:\/\/www.caririemacao.com\/1\/2019\/01\/05\/estado-paga-premio-paraiba-unida-pela-paz-aos-agentes-penitenciarios-em-janeiro\/","title":{"rendered":"Estado paga Pr\u00eamio Para\u00edba Unida pela Paz aos agentes penitenci\u00e1rios em janeiro"},"content":{"rendered":"<p>O Governo do Estado vai pagar neste m\u00eas de janeiro o Pr\u00eamio Para\u00edba Unida pela Paz (PPUP) aos agentes penitenci\u00e1rios. O pagamento \u00e9 referente ao segundo semestre de 2018 e contempla 1.593 agentes penitenci\u00e1rios, que receber\u00e3o aproximadamente R$ 1 milh\u00e3o 153 mil.<\/p>\n<p>Em dezembro, foram pagos aproximadamente R$ 9 milh\u00f5es a 8.600 integrantes das Pol\u00edcias Militar e Civil e Corpo de Bombeiros.<\/p>\n<p>O Pr\u00eamio Para\u00edba Unida pela Paz (PPUP), institu\u00eddo pela Lei 10.327\/2014, \u00e9 pago aos integrantes das For\u00e7as de Seguran\u00e7a que atinjam a meta de redu\u00e7\u00e3o de crimes contra a vida nos territ\u00f3rios onde exercem suas atividades.<\/p>\n<p>Os agentes penitenci\u00e1rios foram inclu\u00eddos na premia\u00e7\u00e3o por meio da Medida Provis\u00f3ria 257\/2017. No segundo semestre de 2018, ocorreram dois homic\u00eddios no sistema penitenci\u00e1rio, o mesmo n\u00famero registrado em igual per\u00edodo de 2017.<\/p>\n<p>&nbsp;<\/p>\n<p>Ag\u00eancia Brasil<\/p>\n","protected":false},"excerpt":{"rendered":"<p>O Governo do Estado vai pagar neste m\u00eas de janeiro o Pr\u00eamio Para\u00edba Unida pela Paz (PPUP) aos agentes penitenci\u00e1rios. O pagamento \u00e9 referente ao&hellip; <\/p>\n","protected":false},"author":1,"featured_media":47421,"comment_status":"closed","ping_status":"closed","sticky":false,"template":"","format":"standard","meta":{"sfsi_plus_gutenberg_text_before_share":"","sfsi_plus_gutenberg_show_text_before_share":"","sfsi_plus_gutenberg_icon_type":"","sfsi_plus_gutenberg_icon_alignemt":"","sfsi_plus_gutenburg_max_per_row":"","footnotes":""},"categories":[11],"tags":[],"class_list":["post-79642","post","type-post","status-publish","format-standard","has-post-thumbnail","hentry","category-politica"],"_links":{"self":[{"href":"https:\/\/www.caririemacao.com\/1\/wp-json\/wp\/v2\/posts\/79642","targetHints":{"allow":["GET"]}}],"collection":[{"href":"https:\/\/www.caririemacao.com\/1\/wp-json\/wp\/v2\/posts"}],"about":[{"href":"https:\/\/www.caririemacao.com\/1\/wp-json\/wp\/v2\/types\/post"}],"author":[{"embeddable":true,"href":"https:\/\/www.caririemacao.com\/1\/wp-json\/wp\/v2\/users\/1"}],"replies":[{"embeddable":true,"href":"https:\/\/www.caririemacao.com\/1\/wp-json\/wp\/v2\/comments?post=79642"}],"version-history":[{"count":1,"href":"https:\/\/www.caririemacao.com\/1\/wp-json\/wp\/v2\/posts\/79642\/revisions"}],"predecessor-version":[{"id":79643,"href":"https:\/\/www.caririemacao.com\/1\/wp-json\/wp\/v2\/posts\/79642\/revisions\/79643"}],"wp:featuredmedia":[{"embeddable":true,"href":"https:\/\/www.caririemacao.com\/1\/wp-json\/wp\/v2\/media\/47421"}],"wp:attachment":[{"href":"https:\/\/www.caririemacao.com\/1\/wp-json\/wp\/v2\/media?parent=79642"}],"wp:term":[{"taxonomy":"category","embeddable":true,"href":"https:\/\/www.caririemacao.com\/1\/wp-json\/wp\/v2\/categories?post=79642"},{"taxonomy":"post_tag","embeddable":true,"href":"https:\/\/www.caririemacao.com\/1\/wp-json\/wp\/v2\/tags?post=79642"}],"curies":[{"name":"wp","href":"https:\/\/api.w.org\/{rel}","templated":true}]}}